{"id":3091,"date":"2022-07-15T15:30:19","date_gmt":"2022-07-15T19:30:19","guid":{"rendered":"https:\/\/andreannemartin.com\/?p=3091"},"modified":"2025-04-16T10:50:37","modified_gmt":"2025-04-16T14:50:37","slug":"colored-icicles","status":"publish","type":"post","link":"https:\/\/epithelia.ca\/en\/recettes\/faible-en-fodmap\/glacons-colores\/","title":{"rendered":"<span style=\"color:#b57edc;margin-right:6px;\">\ud83d\udd12<\/span>Colored fruit ice cubes"},"content":{"rendered":"","protected":false},"excerpt":{"rendered":"","protected":false},"author":3,"featured_media":3092,"comment_status":"closed","ping_status":"closed","sticky":false,"template":"","format":"standard","meta":{"_et_pb_use_builder":"on","_et_pb_old_content":"<p style=\"font-weight: 400\"><strong>INGR\u00c9DIENTS&nbsp;:<\/strong><\/p>\n<p style=\"font-weight: 400\">Petits fruits et herbes fra\u00eeches (environ 1\/2 t. ou 125 ml) : 1 \u00e0 2 fruits par cube.<\/p>\nEau selon la grosseur des cubes \u00e0 gla\u00e7ons\n<p style=\"font-weight: 400\">Voir les combinaisons propos\u00e9es ci-bas<\/p>\n<p style=\"font-weight: 400\"><\/p>\n<p style=\"font-weight: 400\"><strong>PR\u00c9PARATION&nbsp;:<\/strong><\/p>\n\n<ol>\n \t<li style=\"font-weight: 400\">Peler et\/ou couper en morceaux les fruits choisis.<\/li>\n \t<li style=\"font-weight: 400\">Garnir les alv\u00e9oles d\u2019un bac \u00e0 gla\u00e7ons avec les petits morceaux de fruits et d\u2019herbes fra\u00eeches puis, recouvrir avec de l\u2019eau.<\/li>\n \t<li style=\"font-weight: 400\">Mettre au cong\u00e9lateur pendant un minimum de 3 h.<\/li>\n \t<li style=\"font-weight: 400\">Ajouter quelques gla\u00e7ons dans un verre d\u2019eau pure pour une explosion de saveurs.<\/li>\n<\/ol>\n<p style=\"font-weight: 400\"><strong>Combinaisons int\u00e9ressantes<\/strong><\/p>\n<p style=\"font-weight: 400\">Melon d\u2019eau et menthe\nAnanas et noix de coco r\u00e2p\u00e9e\nAnanas et mangue\nFramboises et bleuets\nFraises et basilic\nCitron\/orange et gingembre\nKiwi et grenades\nLime et concombre<\/p>","_et_gb_content_width":"856","wprm-recipe-roundup-name":"","wprm-recipe-roundup-description":"","footnotes":""},"categories":[36,27,35,28,1819],"tags":[],"class_list":["post-3091","post","type-post","status-publish","format-standard","post-password-required","hentry","category-breuvage","category-faible-en-fodmap","category-recette-vegetalienne","category-recette-vegetarienne","category-recettes-privees","rcp-is-restricted","rcp-no-access"],"aioseo_notices":[],"aioseo_head":"\n\t\t<!-- All in One SEO 5.0.1.1 - aioseo.com -->\n\t<meta name=\"description\" content=\"Des gla\u00e7ons aux fruits et aux herbes pour donner un petit \u00ab boost \u00bb de saveur \u00e0 votre eau ! Un astuce ing\u00e9nieux pour restez bien hydrat\u00e9\u2027es en tout temps !\" \/>\n\t<meta name=\"robots\" content=\"max-image-preview:large\" \/>\n\t<meta name=\"author\" content=\"Laurence Fournier\"\/>\n\t<meta name=\"google-site-verification\" content=\"XOfmnsTiCa_OkTFHEAaCkXMlT1cHYMRgUIgICNM4g_Q\" \/>\n\t<link rel=\"canonical\" href=\"https:\/\/epithelia.ca\/en\/recettes\/faible-en-fodmap\/glacons-colores\/\" \/>\n\t<meta name=\"generator\" content=\"All in One SEO (AIOSEO) 5.0.1.1\" \/>\n\t\t<meta property=\"og:locale\" content=\"en_US\" \/>\n\t\t<meta property=\"og:site_name\" content=\"Clinique \u00c9pith\u00e9lia - \u00c9quipe de nutritionnistes experts en sant\u00e9 du microbiote\" \/>\n\t\t<meta property=\"og:type\" content=\"article\" \/>\n\t\t<meta property=\"og:title\" content=\"\ud83d\udd12Gla\u00e7ons color\u00e9s aux fruits - Clinique \u00c9pith\u00e9lia\" \/>\n\t\t<meta property=\"og:description\" content=\"Des gla\u00e7ons aux fruits et aux herbes pour donner un petit \u00ab boost \u00bb de saveur \u00e0 votre eau ! Un astuce ing\u00e9nieux pour restez bien hydrat\u00e9\u2027es en tout temps !\" \/>\n\t\t<meta property=\"og:url\" content=\"https:\/\/epithelia.ca\/en\/recettes\/faible-en-fodmap\/glacons-colores\/\" \/>\n\t\t<meta property=\"og:image\" content=\"https:\/\/epithelia.ca\/wp-content\/uploads\/2022\/07\/glacons-e1657913368284.png\" \/>\n\t\t<meta property=\"og:image:secure_url\" content=\"https:\/\/epithelia.ca\/wp-content\/uploads\/2022\/07\/glacons-e1657913368284.png\" \/>\n\t\t<meta property=\"og:image:width\" content=\"513\" \/>\n\t\t<meta property=\"og:image:height\" content=\"336\" \/>\n\t\t<meta property=\"article:published_time\" content=\"2022-07-15T19:30:19+00:00\" \/>\n\t\t<meta property=\"article:modified_time\" content=\"2025-04-16T14:50:37+00:00\" \/>\n\t\t<meta property=\"article:publisher\" content=\"https:\/\/www.facebook.com\/profile.php?id=61560378100335&amp;mibextid=LQQJ4d\" \/>\n\t\t<meta name=\"twitter:card\" content=\"summary_large_image\" \/>\n\t\t<meta name=\"twitter:title\" content=\"\ud83d\udd12Gla\u00e7ons color\u00e9s aux fruits - Clinique \u00c9pith\u00e9lia\" \/>\n\t\t<meta name=\"twitter:description\" content=\"Des gla\u00e7ons aux fruits et aux herbes pour donner un petit \u00ab boost \u00bb de saveur \u00e0 votre eau ! Un astuce ing\u00e9nieux pour restez bien hydrat\u00e9\u2027es en tout temps !\" \/>\n\t\t<meta name=\"twitter:image\" content=\"https:\/\/epithelia.ca\/wp-content\/uploads\/2024\/04\/Epithelia-clinique-sante-digestive.jpg\" \/>\n\t\t<script type=\"application\/ld+json\" class=\"aioseo-schema\">\n\t\t\t{\"@context\":\"https:\\\/\\\/schema.org\",\"@graph\":[{\"@type\":\"BlogPosting\",\"@id\":\"https:\\\/\\\/epithelia.ca\\\/en\\\/recettes\\\/faible-en-fodmap\\\/glacons-colores\\\/#blogposting\",\"name\":\"\\ud83d\\udd12Gla\\u00e7ons color\\u00e9s aux fruits - Clinique \\u00c9pith\\u00e9lia\",\"headline\":\"\\ud83d\\udd12Gla\\u00e7ons color\\u00e9s aux fruits\",\"author\":{\"@id\":\"https:\\\/\\\/epithelia.ca\\\/en\\\/author\\\/lfournierandreannemartin-com\\\/#author\"},\"publisher\":{\"@id\":\"https:\\\/\\\/epithelia.ca\\\/en\\\/#organization\"},\"image\":{\"@type\":\"ImageObject\",\"url\":\"https:\\\/\\\/epithelia.ca\\\/wp-content\\\/uploads\\\/2022\\\/07\\\/glacons-e1657913368284.png\",\"width\":513,\"height\":336,\"caption\":\"Gla\\u00e7ons color\\u00e9s. Restez hydrat\\u00e9s ! Recette faible en FODMAP. \\u00c9PITH\\u00c9LIA- Clinique de sant\\u00e9 digestive. \\u00c9quipe de nutritionnistes.\"},\"datePublished\":\"2022-07-15T15:30:19-04:00\",\"dateModified\":\"2025-04-16T10:50:37-04:00\",\"inLanguage\":\"en-US\",\"mainEntityOfPage\":{\"@id\":\"https:\\\/\\\/epithelia.ca\\\/en\\\/recettes\\\/faible-en-fodmap\\\/glacons-colores\\\/#webpage\"},\"isPartOf\":{\"@id\":\"https:\\\/\\\/epithelia.ca\\\/en\\\/recettes\\\/faible-en-fodmap\\\/glacons-colores\\\/#webpage\"},\"articleSection\":\"Breuvage, Faible en FODMAP, Recette v\\u00e9g\\u00e9talienne, Recette v\\u00e9g\\u00e9tarienne, Recettes priv\\u00e9es\"},{\"@type\":\"BreadcrumbList\",\"@id\":\"https:\\\/\\\/epithelia.ca\\\/en\\\/recettes\\\/faible-en-fodmap\\\/glacons-colores\\\/#breadcrumblist\",\"itemListElement\":[{\"@type\":\"ListItem\",\"@id\":\"https:\\\/\\\/epithelia.ca\\\/en#listItem\",\"position\":1,\"name\":\"Domicile\",\"item\":\"https:\\\/\\\/epithelia.ca\\\/en\",\"nextItem\":{\"@type\":\"ListItem\",\"@id\":\"https:\\\/\\\/epithelia.ca\\\/en\\\/category\\\/recettes\\\/#listItem\",\"name\":\"Recettes\"}},{\"@type\":\"ListItem\",\"@id\":\"https:\\\/\\\/epithelia.ca\\\/en\\\/category\\\/recettes\\\/#listItem\",\"position\":2,\"name\":\"Recettes\",\"item\":\"https:\\\/\\\/epithelia.ca\\\/en\\\/category\\\/recettes\\\/\",\"nextItem\":{\"@type\":\"ListItem\",\"@id\":\"https:\\\/\\\/epithelia.ca\\\/en\\\/category\\\/recettes\\\/faible-en-fodmap\\\/#listItem\",\"name\":\"Faible en FODMAP\"},\"previousItem\":{\"@type\":\"ListItem\",\"@id\":\"https:\\\/\\\/epithelia.ca\\\/en#listItem\",\"name\":\"Domicile\"}},{\"@type\":\"ListItem\",\"@id\":\"https:\\\/\\\/epithelia.ca\\\/en\\\/category\\\/recettes\\\/faible-en-fodmap\\\/#listItem\",\"position\":3,\"name\":\"Faible en FODMAP\",\"item\":\"https:\\\/\\\/epithelia.ca\\\/en\\\/category\\\/recettes\\\/faible-en-fodmap\\\/\",\"nextItem\":{\"@type\":\"ListItem\",\"@id\":\"https:\\\/\\\/epithelia.ca\\\/en\\\/recettes\\\/faible-en-fodmap\\\/glacons-colores\\\/#listItem\",\"name\":\"\\ud83d\\udd12Gla\\u00e7ons color\\u00e9s aux fruits\"},\"previousItem\":{\"@type\":\"ListItem\",\"@id\":\"https:\\\/\\\/epithelia.ca\\\/en\\\/category\\\/recettes\\\/#listItem\",\"name\":\"Recettes\"}},{\"@type\":\"ListItem\",\"@id\":\"https:\\\/\\\/epithelia.ca\\\/en\\\/recettes\\\/faible-en-fodmap\\\/glacons-colores\\\/#listItem\",\"position\":4,\"name\":\"\\ud83d\\udd12Gla\\u00e7ons color\\u00e9s aux fruits\",\"previousItem\":{\"@type\":\"ListItem\",\"@id\":\"https:\\\/\\\/epithelia.ca\\\/en\\\/category\\\/recettes\\\/faible-en-fodmap\\\/#listItem\",\"name\":\"Faible en FODMAP\"}}]},{\"@type\":\"Organization\",\"@id\":\"https:\\\/\\\/epithelia.ca\\\/en\\\/#organization\",\"name\":\"Clinique \\u00c9pith\\u00e9lia\",\"description\":\"\\u00c9quipe de nutritionnistes experts en sant\\u00e9 du microbiote\",\"url\":\"https:\\\/\\\/epithelia.ca\\\/en\\\/\",\"telephone\":\"+15819970681\",\"logo\":{\"@type\":\"ImageObject\",\"url\":\"https:\\\/\\\/epithelia.ca\\\/wp-content\\\/uploads\\\/2024\\\/04\\\/cropped-EPITHELIA_Logo_VioletRGB.png\",\"@id\":\"https:\\\/\\\/epithelia.ca\\\/en\\\/recettes\\\/faible-en-fodmap\\\/glacons-colores\\\/#organizationLogo\",\"width\":512,\"height\":512},\"image\":{\"@id\":\"https:\\\/\\\/epithelia.ca\\\/en\\\/recettes\\\/faible-en-fodmap\\\/glacons-colores\\\/#organizationLogo\"},\"sameAs\":[\"https:\\\/\\\/www.instagram.com\\\/epithelia.ca?igsh=MXVsZnA2OWZ3bmE2eA&utm_source=qr\"]},{\"@type\":\"Person\",\"@id\":\"https:\\\/\\\/epithelia.ca\\\/en\\\/author\\\/lfournierandreannemartin-com\\\/#author\",\"url\":\"https:\\\/\\\/epithelia.ca\\\/en\\\/author\\\/lfournierandreannemartin-com\\\/\",\"name\":\"Laurence Fournier\",\"image\":{\"@type\":\"ImageObject\",\"@id\":\"https:\\\/\\\/epithelia.ca\\\/en\\\/recettes\\\/faible-en-fodmap\\\/glacons-colores\\\/#authorImage\",\"url\":\"https:\\\/\\\/secure.gravatar.com\\\/avatar\\\/ff3fa10279fc123eff8dbeb6bef2912f5827e5cbf94fca51b311f072bcac1229?s=96&d=mm&r=g\",\"width\":96,\"height\":96,\"caption\":\"Laurence Fournier\"}},{\"@type\":\"WebPage\",\"@id\":\"https:\\\/\\\/epithelia.ca\\\/en\\\/recettes\\\/faible-en-fodmap\\\/glacons-colores\\\/#webpage\",\"url\":\"https:\\\/\\\/epithelia.ca\\\/en\\\/recettes\\\/faible-en-fodmap\\\/glacons-colores\\\/\",\"name\":\"\\ud83d\\udd12Gla\\u00e7ons color\\u00e9s aux fruits - Clinique \\u00c9pith\\u00e9lia\",\"description\":\"Des gla\\u00e7ons aux fruits et aux herbes pour donner un petit \\u00ab boost \\u00bb de saveur \\u00e0 votre eau ! Un astuce ing\\u00e9nieux pour restez bien hydrat\\u00e9\\u2027es en tout temps !\",\"inLanguage\":\"en-US\",\"isPartOf\":{\"@id\":\"https:\\\/\\\/epithelia.ca\\\/en\\\/#website\"},\"breadcrumb\":{\"@id\":\"https:\\\/\\\/epithelia.ca\\\/en\\\/recettes\\\/faible-en-fodmap\\\/glacons-colores\\\/#breadcrumblist\"},\"author\":{\"@id\":\"https:\\\/\\\/epithelia.ca\\\/en\\\/author\\\/lfournierandreannemartin-com\\\/#author\"},\"creator\":{\"@id\":\"https:\\\/\\\/epithelia.ca\\\/en\\\/author\\\/lfournierandreannemartin-com\\\/#author\"},\"image\":{\"@type\":\"ImageObject\",\"url\":\"https:\\\/\\\/epithelia.ca\\\/wp-content\\\/uploads\\\/2022\\\/07\\\/glacons-e1657913368284.png\",\"@id\":\"https:\\\/\\\/epithelia.ca\\\/en\\\/recettes\\\/faible-en-fodmap\\\/glacons-colores\\\/#mainImage\",\"width\":513,\"height\":336,\"caption\":\"Gla\\u00e7ons color\\u00e9s. Restez hydrat\\u00e9s ! Recette faible en FODMAP. \\u00c9PITH\\u00c9LIA- Clinique de sant\\u00e9 digestive. \\u00c9quipe de nutritionnistes.\"},\"primaryImageOfPage\":{\"@id\":\"https:\\\/\\\/epithelia.ca\\\/en\\\/recettes\\\/faible-en-fodmap\\\/glacons-colores\\\/#mainImage\"},\"datePublished\":\"2022-07-15T15:30:19-04:00\",\"dateModified\":\"2025-04-16T10:50:37-04:00\"},{\"@type\":\"WebSite\",\"@id\":\"https:\\\/\\\/epithelia.ca\\\/en\\\/#website\",\"url\":\"https:\\\/\\\/epithelia.ca\\\/en\\\/\",\"name\":\"Clinique \\u00c9pith\\u00e9lia\",\"alternateName\":\"Clinique de sant\\u00e9 digestive\",\"description\":\"\\u00c9quipe de nutritionnistes experts en sant\\u00e9 du microbiote\",\"inLanguage\":\"en-US\",\"publisher\":{\"@id\":\"https:\\\/\\\/epithelia.ca\\\/en\\\/#organization\"}}]}\n\t\t<\/script>\n\t\t<!-- All in One SEO -->\n\n","aioseo_head_json":{"title":"Fruit-Colored Ice Cubes - \u00c9pith\u00e9lia Clinic","description":"Fruit and herb ice cubes to give your water a little flavor \u00abboost\u00bb! An ingenious trick for staying well hydrated\u2027es all the time!","canonical_url":"https:\/\/epithelia.ca\/en\/recettes\/faible-en-fodmap\/glacons-colores\/","robots":"max-image-preview:large","keywords":"","webmasterTools":{"google-site-verification":"XOfmnsTiCa_OkTFHEAaCkXMlT1cHYMRgUIgICNM4g_Q","miscellaneous":""},"schema":{"@context":"https:\/\/schema.org","@graph":[{"@type":"BlogPosting","@id":"https:\/\/epithelia.ca\/en\/recettes\/faible-en-fodmap\/glacons-colores\/#blogposting","name":"\ud83d\udd12Gla\u00e7ons color\u00e9s aux fruits - Clinique \u00c9pith\u00e9lia","headline":"\ud83d\udd12Gla\u00e7ons color\u00e9s aux fruits","author":{"@id":"https:\/\/epithelia.ca\/en\/author\/lfournierandreannemartin-com\/#author"},"publisher":{"@id":"https:\/\/epithelia.ca\/en\/#organization"},"image":{"@type":"ImageObject","url":"https:\/\/epithelia.ca\/wp-content\/uploads\/2022\/07\/glacons-e1657913368284.png","width":513,"height":336,"caption":"Gla\u00e7ons color\u00e9s. Restez hydrat\u00e9s ! Recette faible en FODMAP. \u00c9PITH\u00c9LIA- Clinique de sant\u00e9 digestive. \u00c9quipe de nutritionnistes."},"datePublished":"2022-07-15T15:30:19-04:00","dateModified":"2025-04-16T10:50:37-04:00","inLanguage":"en-US","mainEntityOfPage":{"@id":"https:\/\/epithelia.ca\/en\/recettes\/faible-en-fodmap\/glacons-colores\/#webpage"},"isPartOf":{"@id":"https:\/\/epithelia.ca\/en\/recettes\/faible-en-fodmap\/glacons-colores\/#webpage"},"articleSection":"Breuvage, Faible en FODMAP, Recette v\u00e9g\u00e9talienne, Recette v\u00e9g\u00e9tarienne, Recettes priv\u00e9es"},{"@type":"BreadcrumbList","@id":"https:\/\/epithelia.ca\/en\/recettes\/faible-en-fodmap\/glacons-colores\/#breadcrumblist","itemListElement":[{"@type":"ListItem","@id":"https:\/\/epithelia.ca\/en#listItem","position":1,"name":"Domicile","item":"https:\/\/epithelia.ca\/en","nextItem":{"@type":"ListItem","@id":"https:\/\/epithelia.ca\/en\/category\/recettes\/#listItem","name":"Recettes"}},{"@type":"ListItem","@id":"https:\/\/epithelia.ca\/en\/category\/recettes\/#listItem","position":2,"name":"Recettes","item":"https:\/\/epithelia.ca\/en\/category\/recettes\/","nextItem":{"@type":"ListItem","@id":"https:\/\/epithelia.ca\/en\/category\/recettes\/faible-en-fodmap\/#listItem","name":"Faible en FODMAP"},"previousItem":{"@type":"ListItem","@id":"https:\/\/epithelia.ca\/en#listItem","name":"Domicile"}},{"@type":"ListItem","@id":"https:\/\/epithelia.ca\/en\/category\/recettes\/faible-en-fodmap\/#listItem","position":3,"name":"Faible en FODMAP","item":"https:\/\/epithelia.ca\/en\/category\/recettes\/faible-en-fodmap\/","nextItem":{"@type":"ListItem","@id":"https:\/\/epithelia.ca\/en\/recettes\/faible-en-fodmap\/glacons-colores\/#listItem","name":"\ud83d\udd12Gla\u00e7ons color\u00e9s aux fruits"},"previousItem":{"@type":"ListItem","@id":"https:\/\/epithelia.ca\/en\/category\/recettes\/#listItem","name":"Recettes"}},{"@type":"ListItem","@id":"https:\/\/epithelia.ca\/en\/recettes\/faible-en-fodmap\/glacons-colores\/#listItem","position":4,"name":"\ud83d\udd12Gla\u00e7ons color\u00e9s aux fruits","previousItem":{"@type":"ListItem","@id":"https:\/\/epithelia.ca\/en\/category\/recettes\/faible-en-fodmap\/#listItem","name":"Faible en FODMAP"}}]},{"@type":"Organization","@id":"https:\/\/epithelia.ca\/en\/#organization","name":"Clinique \u00c9pith\u00e9lia","description":"\u00c9quipe de nutritionnistes experts en sant\u00e9 du microbiote","url":"https:\/\/epithelia.ca\/en\/","telephone":"+15819970681","logo":{"@type":"ImageObject","url":"https:\/\/epithelia.ca\/wp-content\/uploads\/2024\/04\/cropped-EPITHELIA_Logo_VioletRGB.png","@id":"https:\/\/epithelia.ca\/en\/recettes\/faible-en-fodmap\/glacons-colores\/#organizationLogo","width":512,"height":512},"image":{"@id":"https:\/\/epithelia.ca\/en\/recettes\/faible-en-fodmap\/glacons-colores\/#organizationLogo"},"sameAs":["https:\/\/www.instagram.com\/epithelia.ca?igsh=MXVsZnA2OWZ3bmE2eA&utm_source=qr"]},{"@type":"Person","@id":"https:\/\/epithelia.ca\/en\/author\/lfournierandreannemartin-com\/#author","url":"https:\/\/epithelia.ca\/en\/author\/lfournierandreannemartin-com\/","name":"Laurence Fournier","image":{"@type":"ImageObject","@id":"https:\/\/epithelia.ca\/en\/recettes\/faible-en-fodmap\/glacons-colores\/#authorImage","url":"https:\/\/secure.gravatar.com\/avatar\/ff3fa10279fc123eff8dbeb6bef2912f5827e5cbf94fca51b311f072bcac1229?s=96&d=mm&r=g","width":96,"height":96,"caption":"Laurence Fournier"}},{"@type":"WebPage","@id":"https:\/\/epithelia.ca\/en\/recettes\/faible-en-fodmap\/glacons-colores\/#webpage","url":"https:\/\/epithelia.ca\/en\/recettes\/faible-en-fodmap\/glacons-colores\/","name":"\ud83d\udd12Gla\u00e7ons color\u00e9s aux fruits - Clinique \u00c9pith\u00e9lia","description":"Des gla\u00e7ons aux fruits et aux herbes pour donner un petit \u00ab boost \u00bb de saveur \u00e0 votre eau ! Un astuce ing\u00e9nieux pour restez bien hydrat\u00e9\u2027es en tout temps !","inLanguage":"en-US","isPartOf":{"@id":"https:\/\/epithelia.ca\/en\/#website"},"breadcrumb":{"@id":"https:\/\/epithelia.ca\/en\/recettes\/faible-en-fodmap\/glacons-colores\/#breadcrumblist"},"author":{"@id":"https:\/\/epithelia.ca\/en\/author\/lfournierandreannemartin-com\/#author"},"creator":{"@id":"https:\/\/epithelia.ca\/en\/author\/lfournierandreannemartin-com\/#author"},"image":{"@type":"ImageObject","url":"https:\/\/epithelia.ca\/wp-content\/uploads\/2022\/07\/glacons-e1657913368284.png","@id":"https:\/\/epithelia.ca\/en\/recettes\/faible-en-fodmap\/glacons-colores\/#mainImage","width":513,"height":336,"caption":"Gla\u00e7ons color\u00e9s. Restez hydrat\u00e9s ! Recette faible en FODMAP. \u00c9PITH\u00c9LIA- Clinique de sant\u00e9 digestive. \u00c9quipe de nutritionnistes."},"primaryImageOfPage":{"@id":"https:\/\/epithelia.ca\/en\/recettes\/faible-en-fodmap\/glacons-colores\/#mainImage"},"datePublished":"2022-07-15T15:30:19-04:00","dateModified":"2025-04-16T10:50:37-04:00"},{"@type":"WebSite","@id":"https:\/\/epithelia.ca\/en\/#website","url":"https:\/\/epithelia.ca\/en\/","name":"Clinique \u00c9pith\u00e9lia","alternateName":"Clinique de sant\u00e9 digestive","description":"\u00c9quipe de nutritionnistes experts en sant\u00e9 du microbiote","inLanguage":"en-US","publisher":{"@id":"https:\/\/epithelia.ca\/en\/#organization"}}]},"og:locale":"en_US","og:site_name":"Clinique \u00c9pith\u00e9lia - \u00c9quipe de nutritionnistes experts en sant\u00e9 du microbiote","og:type":"article","og:title":"\ud83d\udd12Gla\u00e7ons color\u00e9s aux fruits - Clinique \u00c9pith\u00e9lia","og:description":"Des gla\u00e7ons aux fruits et aux herbes pour donner un petit \u00ab boost \u00bb de saveur \u00e0 votre eau ! Un astuce ing\u00e9nieux pour restez bien hydrat\u00e9\u2027es en tout temps !","og:url":"https:\/\/epithelia.ca\/en\/recettes\/faible-en-fodmap\/glacons-colores\/","og:image":"https:\/\/epithelia.ca\/wp-content\/uploads\/2022\/07\/glacons-e1657913368284.png","og:image:secure_url":"https:\/\/epithelia.ca\/wp-content\/uploads\/2022\/07\/glacons-e1657913368284.png","og:image:width":513,"og:image:height":336,"article:published_time":"2022-07-15T19:30:19+00:00","article:modified_time":"2025-04-16T14:50:37+00:00","article:publisher":"https:\/\/www.facebook.com\/profile.php?id=61560378100335&mibextid=LQQJ4d","twitter:card":"summary_large_image","twitter:title":"\ud83d\udd12Gla\u00e7ons color\u00e9s aux fruits - Clinique \u00c9pith\u00e9lia","twitter:description":"Des gla\u00e7ons aux fruits et aux herbes pour donner un petit \u00ab boost \u00bb de saveur \u00e0 votre eau ! Un astuce ing\u00e9nieux pour restez bien hydrat\u00e9\u2027es en tout temps !","twitter:image":"https:\/\/epithelia.ca\/wp-content\/uploads\/2024\/04\/Epithelia-clinique-sante-digestive.jpg"},"aioseo_meta_data":{"post_id":"3091","title":null,"description":"Fruit and herb ice cubes to give your water a little flavor \u00abboost\u00bb! An ingenious trick for staying well hydrated\u2027es all the time!","keywords":null,"keyphrases":{"focus":{"keyphrase":"","score":0,"analysis":{"keyphraseInTitle":{"score":0,"maxScore":9,"error":1}}},"additional":[]},"primary_term":null,"canonical_url":null,"og_title":null,"og_description":null,"og_object_type":"default","og_image_type":"default","og_image_url":null,"og_image_width":null,"og_image_height":null,"og_image_custom_url":null,"og_image_custom_fields":null,"og_video":"","og_custom_url":null,"og_article_section":null,"og_article_tags":null,"twitter_use_og":false,"twitter_card":"default","twitter_image_type":"default","twitter_image_url":null,"twitter_image_custom_url":null,"twitter_image_custom_fields":null,"twitter_title":null,"twitter_description":null,"schema":{"blockGraphs":[],"customGraphs":[],"default":{"data":{"Article":[],"Course":[],"Dataset":[],"FAQPage":[],"Movie":[],"Person":[],"Product":[],"ProductReview":[],"Car":[],"Recipe":[],"Service":[],"SoftwareApplication":[],"WebPage":[]},"graphName":"BlogPosting","isEnabled":true},"graphs":[]},"schema_type":"default","schema_type_options":null,"pillar_content":false,"robots_default":true,"robots_noindex":false,"robots_noarchive":false,"robots_nosnippet":false,"robots_nofollow":false,"robots_noimageindex":false,"robots_noodp":false,"robots_notranslate":false,"robots_max_snippet":"-1","robots_max_videopreview":"-1","robots_max_imagepreview":"large","priority":null,"frequency":"default","local_seo":null,"breadcrumb_settings":null,"limit_modified_date":false,"ai":null,"created":"2024-04-16 20:04:35","updated":"2025-06-04 13:20:53","focus_keyword":null,"additional_keywords":null,"truseo_locale":null,"seo_analyzer_scan_date":null},"aioseo_breadcrumb":"<div class=\"aioseo-breadcrumbs\"><span class=\"aioseo-breadcrumb\">\n\t\t\t<a href=\"https:\/\/epithelia.ca\/en\" title=\"Domicile\">Domicile<\/a>\n\t\t<\/span><span class=\"aioseo-breadcrumb-separator\">&raquo;<\/span><span class=\"aioseo-breadcrumb\">\n\t\t\t<a href=\"https:\/\/epithelia.ca\/en\/category\/recettes\/\" title=\"Recettes\">Recettes<\/a>\n\t\t<\/span><span class=\"aioseo-breadcrumb-separator\">&raquo;<\/span><span class=\"aioseo-breadcrumb\">\n\t\t\t<a href=\"https:\/\/epithelia.ca\/en\/category\/recettes\/faible-en-fodmap\/\" title=\"Faible en FODMAP\">Faible en FODMAP<\/a>\n\t\t<\/span><span class=\"aioseo-breadcrumb-separator\">&raquo;<\/span><span class=\"aioseo-breadcrumb\">\n\t\t\t\ud83d\udd12<\/span>Gla\u00e7ons color\u00e9s aux fruits\"&gt;<span style=\"color:#b57edc;margin-right:6px\">\ud83d\udd12<\/span>Gla\u00e7ons color\u00e9s aux fruits\n\t\t<\/span><\/div>","aioseo_breadcrumb_json":[{"label":"Domicile","link":"https:\/\/epithelia.ca\/en"},{"label":"Recettes","link":"https:\/\/epithelia.ca\/en\/category\/recettes\/"},{"label":"Faible en FODMAP","link":"https:\/\/epithelia.ca\/en\/category\/recettes\/faible-en-fodmap\/"},{"label":"<span style=\"color:#b57edc;margin-right:6px;\">\ud83d\udd12<\/span>Gla\u00e7ons color\u00e9s aux fruits","link":"https:\/\/epithelia.ca\/en\/recettes\/faible-en-fodmap\/glacons-colores\/"}],"_links":{"self":[{"href":"https:\/\/epithelia.ca\/en\/wp-json\/wp\/v2\/posts\/3091","targetHints":{"allow":["GET"]}}],"collection":[{"href":"https:\/\/epithelia.ca\/en\/wp-json\/wp\/v2\/posts"}],"about":[{"href":"https:\/\/epithelia.ca\/en\/wp-json\/wp\/v2\/types\/post"}],"author":[{"embeddable":true,"href":"https:\/\/epithelia.ca\/en\/wp-json\/wp\/v2\/users\/3"}],"replies":[{"embeddable":true,"href":"https:\/\/epithelia.ca\/en\/wp-json\/wp\/v2\/comments?post=3091"}],"version-history":[{"count":1,"href":"https:\/\/epithelia.ca\/en\/wp-json\/wp\/v2\/posts\/3091\/revisions"}],"predecessor-version":[{"id":4411190,"href":"https:\/\/epithelia.ca\/en\/wp-json\/wp\/v2\/posts\/3091\/revisions\/4411190"}],"wp:featuredmedia":[{"embeddable":true,"href":"https:\/\/epithelia.ca\/en\/wp-json\/wp\/v2\/media\/3092"}],"wp:attachment":[{"href":"https:\/\/epithelia.ca\/en\/wp-json\/wp\/v2\/media?parent=3091"}],"wp:term":[{"taxonomy":"category","embeddable":true,"href":"https:\/\/epithelia.ca\/en\/wp-json\/wp\/v2\/categories?post=3091"},{"taxonomy":"post_tag","embeddable":true,"href":"https:\/\/epithelia.ca\/en\/wp-json\/wp\/v2\/tags?post=3091"}],"curies":[{"name":"wp","href":"https:\/\/api.w.org\/{rel}","templated":true}]}}