{"id":4405498,"date":"2024-05-09T09:42:32","date_gmt":"2024-05-09T13:42:32","guid":{"rendered":"https:\/\/epithelia.ca\/?p=4405498"},"modified":"2024-11-30T11:21:34","modified_gmt":"2024-11-30T15:21:34","slug":"raspberry-and-orange-bread","status":"publish","type":"post","link":"https:\/\/epithelia.ca\/en\/recettes\/faible-en-fodmap\/pain-aux-framboises-et-a-lorange\/","title":{"rendered":"Raspberry and orange bread"},"content":{"rendered":"<p>[et_pb_section fb_built=\u00a0\u00bb1&Prime; admin_label=\u00a0\u00bbsection\u00a0\u00bb _builder_version=\u00a0\u00bb4.16&Prime; custom_padding=\u00a0\u00bb1px|||||\u00a0\u00bb global_colors_info=\u00a0\u00bb{}\u00a0\u00bb][et_pb_row admin_label=\u00a0\u00bbrow\u00a0\u00bb _builder_version=\u00a0\u00bb4.16&Prime; background_size=\u00a0\u00bbinitial\u00a0\u00bb background_position=\u00a0\u00bbtop_left\u00a0\u00bb background_repeat=\u00a0\u00bbrepeat\u00a0\u00bb custom_padding=\u00a0\u00bb0px|||||\u00a0\u00bb global_colors_info=\u00a0\u00bb{}\u00a0\u00bb][et_pb_column type=\u00a0\u00bb4_4&Prime; _builder_version=\u00a0\u00bb4.16&Prime; custom_padding=\u00a0\u00bb|||\u00a0\u00bb global_colors_info=\u00a0\u00bb{}\u00a0\u00bb custom_padding__hover=\u00a0\u00bb|||\u00a0\u00bb][et_pb_text admin_label=\u00a0\u00bbText\u00a0\u00bb _builder_version=\u00a0\u00bb4.26.0&Prime; background_size=\u00a0\u00bbinitial\u00a0\u00bb background_position=\u00a0\u00bbtop_left\u00a0\u00bb background_repeat=\u00a0\u00bbrepeat\u00a0\u00bb global_colors_info=\u00a0\u00bb{}\u00a0\u00bb]<\/p>\n<div class=\"flex-shrink-0 flex flex-col relative items-end\">\n<div class=\"pt-0.5 juice:pt-0\">\n<div class=\"gizmo-shadow-stroke flex h-6 w-6 items-center justify-center overflow-hidden rounded-full juice:h-8 juice:w-8\">\n<div class=\"h-6 w-6 juice:h-full juice:w-full\">\n<div class=\"gizmo-shadow-stroke overflow-hidden rounded-full\"><\/div>\n<div class=\"gizmo-shadow-stroke overflow-hidden rounded-full\">Framboises, bananes et noix de Grenoble, le trio parfait pour le <a href=\"https:\/\/epithelia.ca\/lexique-de-la-sante-intestinale\/%20\">microbiote intestinal.<\/a> Pourquoi ?<\/div>\n<\/div>\n<\/div>\n<\/div>\n<\/div>\n<div class=\"group\/conversation-turn relative flex w-full min-w-0 flex-col agent-turn\">\n<div class=\"flex-col gap-1 md:gap-3\">\n<div class=\"flex flex-grow flex-col max-w-full\">\n<div data-message-author-role=\"assistant\" data-message-id=\"41b29c5c-538a-4724-8e1a-576a8ca48bd8\" dir=\"auto\" class=\"min-h-[20px] text-message flex flex-col items-start whitespace-pre-wrap break-words [.text-message+&amp;]:mt-5 juice:w-full juice:items-end overflow-x-auto gap-2\">\n<div class=\"flex w-full flex-col gap-1 juice:empty:hidden juice:first:pt-[3px]\">\n<div class=\"markdown prose w-full break-words dark:prose-invert light\">\n<h2>Fibres, pr\u00e9biotiques et om\u00e9ga-3 !<\/h2>\n<p>Dans cette recette de \u00ab\u00a0pain\u00a0\u00bb, vous retrouverez une texture qui ressemble davantage \u00e0 une galette moelleuse. Vous aurez donc un pain d&rsquo;environ 1 pouce d&rsquo;\u00e9paisseur. C&rsquo;est parfait pour une collation \u00e9nergisante !<\/p>\n<p>R\u00e9galez-vous !<\/p>\n<h2><strong>Alternative faible en FODMAP :<\/strong><\/h2>\n<p>Des substitutions faibles en <a href=\"https:\/\/epithelia.ca\/lexique-de-la-sante-intestinale\/%20\">FODMAP<\/a> vous sont propos\u00e9es.<\/p>\n<p><a href=\"https:\/\/andreannemartin.com\/produit\/guide-de-lassiette-arc-en-ciel\/\">Votre code couleur:\u00a0<span style=\"color: #f4c502;\">\u2b24<\/span><span style=\"color: #ef5d05;\">\u2b24<\/span><span style=\"color: #f4d4a7;\">\u2b24<\/span><span style=\"color: #ab6e4f;\">\u2b24<\/span><span style=\"color: #b53232;\">\u2b24<\/span><\/a><\/p>\n<p>&nbsp;<\/p>\n<\/div>\n<\/div>\n<\/div>\n<\/div>\n<\/div>\n<\/div>\n<div class=\"group\/conversation-turn relative flex w-full min-w-0 flex-col agent-turn\"><\/div>\n<div class=\"group\/conversation-turn relative flex w-full min-w-0 flex-col agent-turn\"><\/div>\n<div class=\"group\/conversation-turn relative flex w-full min-w-0 flex-col agent-turn\"><\/div>\n<p>[\/et_pb_text][\/et_pb_column][\/et_pb_row][et_pb_row column_structure=\u00a0\u00bb1_2,1_2&Prime; _builder_version=\u00a0\u00bb4.27.0&Prime; _module_preset=\u00a0\u00bbdefault\u00a0\u00bb background_color=\u00a0\u00bb#8247E3&Prime; global_colors_info=\u00a0\u00bb{}\u00a0\u00bb][et_pb_column type=\u00a0\u00bb1_2&Prime; _builder_version=\u00a0\u00bb4.27.0&Prime; _module_preset=\u00a0\u00bbdefault\u00a0\u00bb global_colors_info=\u00a0\u00bb{}\u00a0\u00bb][et_pb_button button_url=\u00a0\u00bbhttps:\/\/epithelia.ca\/produit\/guide-pratique-pour-integrer-des-aliments-faibles-en-fodmap-2\/%20&Prime; button_text=\u00a0\u00bbObtenez votre guide pratique faible en FODMAP ! Produits d&rsquo;\u00e9piceries, recettes et astuces !\u00a0\u00bb _builder_version=\u00a0\u00bb4.27.0&Prime; _module_preset=\u00a0\u00bbdefault\u00a0\u00bb custom_button=\u00a0\u00bbon\u00a0\u00bb button_text_color=\u00a0\u00bb#8247E3&Prime; button_bg_color=\u00a0\u00bb#BDE2D3&Prime; button_border_color=\u00a0\u00bb#8247E3&Prime; box_shadow_style=\u00a0\u00bbpreset2&Prime; global_colors_info=\u00a0\u00bb{}\u00a0\u00bb][\/et_pb_button][\/et_pb_column][et_pb_column type=\u00a0\u00bb1_2&Prime; _builder_version=\u00a0\u00bb4.27.0&Prime; _module_preset=\u00a0\u00bbdefault\u00a0\u00bb global_colors_info=\u00a0\u00bb{}\u00a0\u00bb][et_pb_image src=\u00a0\u00bbhttps:\/\/epithelia.ca\/wp-content\/uploads\/2024\/04\/6-1.png\u00a0\u00bb alt=\u00a0\u00bbGuide num\u00e9rique- Alimentation faible en FODMAP. Produits, recettes et astuces du quotidien pour une alimentation faible en FODMAP. \u00c9PITH\u00c9LIA- Clinique de sant\u00e9 digestive\u00a0\u00bb title_text=\u00a0\u00bbGuide num\u00e9rique- Alimentation faible en FODMAP. Produits, recettes et astuces du quotidien pour une alimentation faible en FODMAP. \u00c9PITH\u00c9LIA- Clinique de sant\u00e9 digestive\u00a0\u00bb _builder_version=\u00a0\u00bb4.27.0&Prime; _module_preset=\u00a0\u00bbdefault\u00a0\u00bb width=\u00a0\u00bb50%\u00a0\u00bb max_width=\u00a0\u00bb50%\u00a0\u00bb global_colors_info=\u00a0\u00bb{}\u00a0\u00bb][\/et_pb_image][\/et_pb_column][\/et_pb_row][et_pb_row _builder_version=\u00a0\u00bb4.26.0&Prime; _module_preset=\u00a0\u00bbdefault\u00a0\u00bb global_colors_info=\u00a0\u00bb{}\u00a0\u00bb][et_pb_column type=\u00a0\u00bb4_4&Prime; _builder_version=\u00a0\u00bb4.26.0&Prime; _module_preset=\u00a0\u00bbdefault\u00a0\u00bb global_colors_info=\u00a0\u00bb{}\u00a0\u00bb][et_pb_image src=\u00a0\u00bbhttps:\/\/epithelia.ca\/wp-content\/uploads\/2024\/07\/IMG_1951-1.jpeg\u00a0\u00bb alt=\u00a0\u00bbPain aux framboises et \u00e0 l&rsquo;orange \u00e0 base de k\u00e9fir et avoine.\u00a0\u00bb title_text=\u00a0\u00bbPain aux framboises et \u00e0 l&rsquo;orange\u00a0\u00bb align=\u00a0\u00bbcenter\u00a0\u00bb _builder_version=\u00a0\u00bb4.26.0&Prime; _module_preset=\u00a0\u00bbdefault\u00a0\u00bb width=\u00a0\u00bb75%\u00a0\u00bb max_width=\u00a0\u00bb75%\u00a0\u00bb module_alignment=\u00a0\u00bbcenter\u00a0\u00bb global_colors_info=\u00a0\u00bb{}\u00a0\u00bb][\/et_pb_image][\/et_pb_column][\/et_pb_row][et_pb_row _builder_version=\u00a0\u00bb4.26.0&Prime; _module_preset=\u00a0\u00bbdefault\u00a0\u00bb global_colors_info=\u00a0\u00bb{}\u00a0\u00bb][et_pb_column type=\u00a0\u00bb4_4&Prime; _builder_version=\u00a0\u00bb4.26.0&Prime; _module_preset=\u00a0\u00bbdefault\u00a0\u00bb global_colors_info=\u00a0\u00bb{}\u00a0\u00bb][et_pb_code _builder_version=\u00a0\u00bb4.26.0&Prime; _module_preset=\u00a0\u00bbdefault\u00a0\u00bb global_colors_info=\u00a0\u00bb{}\u00a0\u00bb]<div id=\"recipe\"><\/div><div id=\"wprm-recipe-container-4406136\" class=\"wprm-recipe-container\" data-recipe-id=\"4406136\" data-servings=\"8\"><div class=\"wprm-recipe wprm-recipe-template-epithelia2\"><div class=\"wprm-container-float-right\">\n\t<div class=\"wprm-recipe-image wprm-block-image-normal\"><img loading=\"lazy\" decoding=\"async\" style=\"border-width: 0px;border-style: solid;border-color: #666666;\" width=\"150\" height=\"150\" src=\"https:\/\/epithelia.ca\/wp-content\/uploads\/2024\/05\/painauxframboises-1-150x150.jpg\" class=\"attachment-150x150 size-150x150\" alt=\"Pain aux framboises et \u00e0 l&#039;orange fait \u00e0 partir de bananes, k\u00e9fir et avoine\" srcset=\"https:\/\/epithelia.ca\/wp-content\/uploads\/2024\/05\/painauxframboises-1-150x150.jpg 150w, https:\/\/epithelia.ca\/wp-content\/uploads\/2024\/05\/painauxframboises-1-300x300.jpg 300w, https:\/\/epithelia.ca\/wp-content\/uploads\/2024\/05\/painauxframboises-1-100x100.jpg 100w\" sizes=\"(max-width: 150px) 100vw, 150px\" \/><\/div>\n\t<div class=\"wprm-spacer\" style=\"height: 5px;\"><\/div>\n\t<a href=\"https:\/\/epithelia.ca\/en\/wprm_print\/pain-aux-framboises-et-a-lorange\" style=\"color: #444444;background-color: #ffffff;border-color: #777777;border-radius: 0px;padding: 5px 5px;\" class=\"wprm-recipe-print wprm-recipe-link wprm-print-recipe-shortcode wprm-block-text-normal wprm-recipe-print-wide-button wprm-recipe-link-wide-button wprm-color-accent\" data-recipe-id=\"4406136\" data-template=\"\" target=\"_blank\" rel=\"nofollow\"><span class=\"wprm-recipe-icon wprm-recipe-print-icon\"><svg xmlns=\"http:\/\/www.w3.org\/2000\/svg\" xmlns:xlink=\"http:\/\/www.w3.org\/1999\/xlink\" x=\"0px\" y=\"0px\" width=\"16px\" height=\"16px\" viewBox=\"0 0 24 24\"><g ><path fill=\"#8047e1\" d=\"M19,5.09V1c0-0.552-0.448-1-1-1H6C5.448,0,5,0.448,5,1v4.09C2.167,5.569,0,8.033,0,11v7c0,0.552,0.448,1,1,1h4v4c0,0.552,0.448,1,1,1h12c0.552,0,1-0.448,1-1v-4h4c0.552,0,1-0.448,1-1v-7C24,8.033,21.833,5.569,19,5.09z M7,2h10v3H7V2z M17,22H7v-9h10V22z M18,10c-0.552,0-1-0.448-1-1c0-0.552,0.448-1,1-1s1,0.448,1,1C19,9.552,18.552,10,18,10z\"\/><\/g><\/svg><\/span> Imprimer<\/a>\n\t\n\t\n<\/div>\n<h2 class=\"wprm-recipe-name wprm-block-text-bold\">Pain aux framboises et \u00e0 l\u2019orange<\/h2>\n<div class=\"wprm-spacer\" style=\"height: 5px;\"><\/div>\n<div class=\"wprm-recipe-summary wprm-block-text-normal\"><span style=\"display: block;\">Framboises et bananes, le duo parfait pour le microbiote intestinal.<\/span><\/div>\n<div class=\"wprm-spacer\"><\/div>\n<div class=\"wprm-recipe-meta-container wprm-recipe-times-container wprm-recipe-details-container wprm-recipe-details-container-table wprm-block-text-normal wprm-recipe-table-borders-top-bottom wprm-recipe-table-borders-inside\" style=\"border-width: 1px;border-style: solid;border-color: #777777;\"><div class=\"wprm-recipe-block-container wprm-recipe-block-container-table wprm-block-text-normal wprm-recipe-time-container wprm-recipe-prep-time-container\" style=\"border-width: 1px;border-style: solid;border-color: #777777;\"><span class=\"wprm-recipe-icon wprm-recipe-time-icon wprm-recipe-prep-time-icon\"><svg xmlns=\"http:\/\/www.w3.org\/2000\/svg\" xmlns:xlink=\"http:\/\/www.w3.org\/1999\/xlink\" x=\"0px\" y=\"0px\" width=\"16\" height=\"16\" viewBox=\"0 0 16 16\"><g class=\"nc-icon-wrapper\" fill=\"#333333\" transform=\"translate(1.5999999999999996 1.5999999999999996) scale(0.8)\"><path fill=\"#333333\" d=\"M15,2c0.6,0,1-0.4,1-1s-0.4-1-1-1H1C0.4,0,0,0.4,0,1s0.4,1,1,1h1c0.1,2.4,0.8,4.5,2,6c-1.2,1.4-2,3.6-2,6H1 c-0.6,0-1,0.4-1,1s0.4,1,1,1h14c0.6,0,1-0.4,1-1s-0.4-1-1-1h-1c-0.1-2.5-0.8-4.6-2-6c1.3-1.5,2-3.6,2-6H15z M9.9,7.3L9,8.1l1,0.7 c1.2,0.9,2,2.9,2.1,5.2H4c0.1-2.3,0.9-4.3,2.1-5.2l1-0.7L6.1,7.3C4.8,6.1,4.1,4.2,4,2h8C11.9,4.2,11.2,6.1,9.9,7.3z\"><\/path><\/g><\/svg><\/span> <span class=\"wprm-recipe-details-label wprm-block-text-faded wprm-recipe-time-label wprm-recipe-prep-time-label\">Prep Time<\/span><span class=\"wprm-recipe-time wprm-block-text-normal\"><span class=\"wprm-recipe-details wprm-recipe-details-minutes wprm-recipe-prep_time wprm-recipe-prep_time-minutes\">5<span class=\"sr-only screen-reader-text wprm-screen-reader-text\"> minutes<\/span><\/span> <span class=\"wprm-recipe-details-unit wprm-recipe-details-minutes wprm-recipe-prep_time-unit wprm-recipe-prep_timeunit-minutes\" aria-hidden=\"true\">mins<\/span><\/span><\/div><div class=\"wprm-recipe-block-container wprm-recipe-block-container-table wprm-block-text-normal wprm-recipe-time-container wprm-recipe-cook-time-container\" style=\"border-width: 1px;border-style: solid;border-color: #777777;\"><span class=\"wprm-recipe-icon wprm-recipe-time-icon wprm-recipe-cook-time-icon\"><svg width=\"16px\" height=\"16px\" viewBox=\"0 0 24 24\" version=\"1.1\" xmlns=\"http:\/\/www.w3.org\/2000\/svg\" xmlns:xlink=\"http:\/\/www.w3.org\/1999\/xlink\"><g stroke=\"none\" stroke-width=\"1\" fill=\"none\" fill-rule=\"evenodd\"><g fill=\"#333333\"><path d=\"M19.5441,12.0586 L17.8411,12.3146 L17.8411,14.0376 L17.8411,17.8606 L6.1591,17.8606 L6.1591,14.0376 L6.1591,12.3146 L4.4561,12.0586 C3.0331,11.8446 2.0001,10.6536 2.0001,9.2246 C2.0001,7.6626 3.2471,6.3876 4.7971,6.3406 C4.8651,6.3486 4.9351,6.3556 5.0051,6.3576 L6.3221,6.4136 L6.8931,5.2246 C7.8481,3.2356 9.8051,1.9996 12.0001,1.9996 C14.1951,1.9996 16.1521,3.2356 17.1071,5.2246 L17.6781,6.4136 L18.9951,6.3576 C19.0641,6.3556 19.1321,6.3486 19.2021,6.3406 C20.7531,6.3866 22.0001,7.6626 22.0001,9.2246 C22.0001,10.6536 20.9671,11.8446 19.5441,12.0586 L19.5441,12.0586 Z M6.1591,22.0006 L17.8411,22.0006 L17.8411,19.8606 L6.1591,19.8606 L6.1591,22.0006 Z M19.1141,4.3386 C19.0451,4.3386 18.9801,4.3566 18.9101,4.3596 C17.6741,1.7836 15.0491,-0.0004 12.0001,-0.0004 C8.9511,-0.0004 6.3261,1.7836 5.0901,4.3596 C5.0211,4.3566 4.9551,4.3386 4.8861,4.3386 C2.1881,4.3386 0.0001,6.5266 0.0001,9.2246 C0.0001,11.6736 1.8081,13.6836 4.1591,14.0376 L4.1591,22.3756 C4.1591,23.2696 4.8901,23.9996 5.7831,23.9996 L18.2171,23.9996 C19.1101,23.9996 19.8411,23.2696 19.8411,22.3756 L19.8411,14.0376 C22.1911,13.6836 24.0001,11.6736 24.0001,9.2246 C24.0001,6.5266 21.8131,4.3386 19.1141,4.3386 L19.1141,4.3386 Z\" id=\"Fill-1\"><\/path><\/g><\/g><\/svg><\/span> <span class=\"wprm-recipe-details-label wprm-block-text-faded wprm-recipe-time-label wprm-recipe-cook-time-label\">Cook Time<\/span><span class=\"wprm-recipe-time wprm-block-text-normal\"><span class=\"wprm-recipe-details wprm-recipe-details-minutes wprm-recipe-cook_time wprm-recipe-cook_time-minutes\">30<span class=\"sr-only screen-reader-text wprm-screen-reader-text\"> minutes<\/span><\/span> <span class=\"wprm-recipe-details-unit wprm-recipe-details-minutes wprm-recipe-cook_time-unit wprm-recipe-cook_timeunit-minutes\" aria-hidden=\"true\">mins<\/span><\/span><\/div><\/div>\n<div class=\"wprm-recipe-block-container wprm-recipe-block-container-inline wprm-block-text-normal wprm-recipe-servings-container\" style=\"\"><span class=\"wprm-recipe-details-label wprm-block-text-faded wprm-recipe-servings-label\">Servings: <\/span><span class=\"wprm-recipe-servings wprm-recipe-details wprm-recipe-servings-4406136 wprm-recipe-servings-adjustable-tooltip wprm-block-text-normal\" data-recipe=\"4406136\" aria-label=\"Adjust recipe servings\">8<\/span><\/div>\n<div class=\"wprm-spacer\" style=\"height: 5px;\"><\/div>\n\n\n\n\n\n\n<div id=\"recipe-4406136-ingredients\" class=\"wprm-recipe-ingredients-container wprm-recipe-ingredients-no-images wprm-recipe-4406136-ingredients-container wprm-block-text-normal wprm-ingredient-style-regular wprm-recipe-images-before\" data-recipe=\"4406136\" data-servings=\"8\"><h3 class=\"wprm-recipe-header wprm-recipe-ingredients-header wprm-block-text-bold wprm-align-left wprm-header-decoration-none\" style=\"\">Ingredients<\/h3><div class=\"wprm-recipe-ingredient-group\"><ul class=\"wprm-recipe-ingredients\"><li class=\"wprm-recipe-ingredient\" style=\"list-style-type: disc;\" data-uid=\"1\"><span class=\"wprm-recipe-ingredient-amount\">2<\/span>&#32;<span class=\"wprm-recipe-ingredient-name\">bananes<\/span>&#32;<span class=\"wprm-recipe-ingredient-notes wprm-recipe-ingredient-notes-faded\">\u00e9cras\u00e9es \u00e0 la fourchette<\/span><\/li><li class=\"wprm-recipe-ingredient\" style=\"list-style-type: disc;\" data-uid=\"2\"><span class=\"wprm-recipe-ingredient-amount\">2<\/span>&#32;<span class=\"wprm-recipe-ingredient-name\">\u0153ufs<\/span>&#32;<span class=\"wprm-recipe-ingredient-notes wprm-recipe-ingredient-notes-faded\">ou \u2153 de t. de blancs d\u2019\u0153ufs liquides<\/span><\/li><li class=\"wprm-recipe-ingredient\" style=\"list-style-type: disc;\" data-uid=\"3\"><span class=\"wprm-recipe-ingredient-amount\">\u00bc<\/span>&#32;<span class=\"wprm-recipe-ingredient-unit\">de t. (60 ml)<\/span>&#32;<span class=\"wprm-recipe-ingredient-name\">de k\u00e9fir nature<\/span><\/li><li class=\"wprm-recipe-ingredient\" style=\"list-style-type: disc;\" data-uid=\"4\"><span class=\"wprm-recipe-ingredient-amount\">1<\/span>&#32;<span class=\"wprm-recipe-ingredient-unit\">c. \u00e0 th\u00e9 (5 ml)<\/span>&#32;<span class=\"wprm-recipe-ingredient-name\">de poudre \u00e0 p\u00e2te<\/span><\/li><li class=\"wprm-recipe-ingredient\" style=\"list-style-type: disc;\" data-uid=\"5\"><span class=\"wprm-recipe-ingredient-amount\">1<\/span>&#32;<span class=\"wprm-recipe-ingredient-unit\">c. \u00e0 th\u00e9 (5 ml)<\/span>&#32;<span class=\"wprm-recipe-ingredient-name\">d\u2019extrait de vanille<\/span><\/li><li class=\"wprm-recipe-ingredient\" style=\"list-style-type: disc;\" data-uid=\"6\"><span class=\"wprm-recipe-ingredient-amount\">1<\/span>&#32;<span class=\"wprm-recipe-ingredient-unit\">c. \u00e0 th\u00e9 (5 ml)<\/span>&#32;<span class=\"wprm-recipe-ingredient-name\">de zeste de d\u2019orange<\/span><\/li><li class=\"wprm-recipe-ingredient\" style=\"list-style-type: disc;\" data-uid=\"7\"><span class=\"wprm-recipe-ingredient-amount\">\u00bd<\/span>&#32;<span class=\"wprm-recipe-ingredient-unit\">c. \u00e0 th\u00e9 (2,5 ml)<\/span>&#32;<span class=\"wprm-recipe-ingredient-name\">de cannelle moulue<\/span><\/li><li class=\"wprm-recipe-ingredient\" style=\"list-style-type: disc;\" data-uid=\"8\"><span class=\"wprm-recipe-ingredient-amount\">\u00bd<\/span>&#32;<span class=\"wprm-recipe-ingredient-unit\">t. (125 ml)<\/span>&#32;<span class=\"wprm-recipe-ingredient-name\">de farine d\u2019avoine (ou autre farine au choix)<\/span><\/li><li class=\"wprm-recipe-ingredient\" style=\"list-style-type: disc;\" data-uid=\"9\"><span class=\"wprm-recipe-ingredient-amount\">\u00bc<\/span>&#32;<span class=\"wprm-recipe-ingredient-unit\">de t. (60 ml)<\/span>&#32;<span class=\"wprm-recipe-ingredient-name\">de son d\u2019avoine<\/span><\/li><li class=\"wprm-recipe-ingredient\" style=\"list-style-type: disc;\" data-uid=\"10\"><span class=\"wprm-recipe-ingredient-amount\">\u00bc<\/span>&#32;<span class=\"wprm-recipe-ingredient-unit\">de t. (60 ml)<\/span>&#32;<span class=\"wprm-recipe-ingredient-name\">de noix de Grenoble<\/span>&#32;<span class=\"wprm-recipe-ingredient-notes wprm-recipe-ingredient-notes-faded\">hach\u00e9es finement<\/span><\/li><li class=\"wprm-recipe-ingredient\" style=\"list-style-type: disc;\" data-uid=\"11\"><span class=\"wprm-recipe-ingredient-amount\">\u00bd<\/span>&#32;<span class=\"wprm-recipe-ingredient-unit\">t. (125 ml)<\/span>&#32;<span class=\"wprm-recipe-ingredient-name\">de framboises<\/span><\/li><\/ul><\/div><\/div>\n<div id=\"recipe-4406136-instructions\" class=\"wprm-recipe-instructions-container wprm-recipe-4406136-instructions-container wprm-block-text-normal\" data-recipe=\"4406136\"><h3 class=\"wprm-recipe-header wprm-recipe-instructions-header wprm-block-text-bold wprm-align-left wprm-header-decoration-none\" style=\"\">Instructions<\/h3><div class=\"wprm-recipe-instruction-group\"><ul class=\"wprm-recipe-instructions\"><li id=\"wprm-recipe-4406136-step-0-0\" class=\"wprm-recipe-instruction\" style=\"list-style-type: decimal;\"><div class=\"wprm-recipe-instruction-text\" style=\"margin-bottom: 5px;\">Pr\u00e9chauffer le four \u00e0 350\u00baF et tapisser un moule \u00e0 pain rectangulaire de papier parchemin.<\/div><\/li><li id=\"wprm-recipe-4406136-step-0-1\" class=\"wprm-recipe-instruction\" style=\"list-style-type: decimal;\"><div class=\"wprm-recipe-instruction-text\" style=\"margin-bottom: 5px;\">Dans un bol, fouetter la pur\u00e9e de bananes, les \u0153ufs et le k\u00e9fir.<\/div><\/li><li id=\"wprm-recipe-4406136-step-0-2\" class=\"wprm-recipe-instruction\" style=\"list-style-type: decimal;\"><div class=\"wprm-recipe-instruction-text\" style=\"margin-bottom: 5px;\">Incorporer la poudre \u00e0 p\u00e2te, la cannelle et le zeste d\u2019orange.<\/div><\/li><li id=\"wprm-recipe-4406136-step-0-3\" class=\"wprm-recipe-instruction\" style=\"list-style-type: decimal;\"><div class=\"wprm-recipe-instruction-text\" style=\"margin-bottom: 5px;\">Ajouter la farine, le son d\u2019avoine et les noix de Grenoble. M\u00e9langer doucement.<\/div><\/li><li id=\"wprm-recipe-4406136-step-0-4\" class=\"wprm-recipe-instruction\" style=\"list-style-type: decimal;\"><div class=\"wprm-recipe-instruction-text\" style=\"margin-bottom: 5px;\">Ajouter les framboises et m\u00e9langer tr\u00e8s d\u00e9licatement.<\/div><\/li><li id=\"wprm-recipe-4406136-step-0-5\" class=\"wprm-recipe-instruction\" style=\"list-style-type: decimal;\"><div class=\"wprm-recipe-instruction-text\" style=\"margin-bottom: 5px;\">Transf\u00e9rer le m\u00e9lange dans le moule et cuire au four environ 35 minutes, ou jusqu\u2019\u00e0 ce qu\u2019un cure-dent ins\u00e9r\u00e9 au centre du pain en ressorte propre.<\/div><\/li><\/ul><\/div><\/div>\n<div id=\"recipe-video\"><\/div>\n<div id=\"recipe-4406136-notes\" class=\"wprm-recipe-notes-container wprm-block-text-normal\"><h3 class=\"wprm-recipe-header wprm-recipe-notes-header wprm-block-text-bold wprm-align-left wprm-header-decoration-none\" style=\"\">Notes<\/h3><div class=\"wprm-recipe-notes\"><span style=\"display: block;\"><em>Recette et photo\u00a0 par <a href=\"https:\/\/epithelia.ca\/equipe-epithelia\/\">Marianne Lamy.<\/a><\/em><\/span><\/div><\/div>\n<\/div><\/div>[\/et_pb_code][\/et_pb_column][\/et_pb_row][et_pb_row _builder_version=\u00a0\u00bb4.26.0&Prime; _module_preset=\u00a0\u00bbdefault\u00a0\u00bb global_colors_info=\u00a0\u00bb{}\u00a0\u00bb][et_pb_column type=\u00a0\u00bb4_4&Prime; _builder_version=\u00a0\u00bb4.26.0&Prime; _module_preset=\u00a0\u00bbdefault\u00a0\u00bb global_colors_info=\u00a0\u00bb{}\u00a0\u00bb][et_pb_text _builder_version=\u00a0\u00bb4.26.0&Prime; _module_preset=\u00a0\u00bbdefault\u00a0\u00bb global_colors_info=\u00a0\u00bb{}\u00a0\u00bb]<\/p>\n<h2><span data-contrast=\"auto\">Alternative faible en FODMAP:<\/span><span data-ccp-props=\"{&quot;201341983&quot;:0,&quot;335559739&quot;:160,&quot;335559740&quot;:279}\">\u00a0<\/span><\/h2>\n<ul>\n<li data-leveltext=\"\uf0b7\" data-font=\"Symbol\" data-listid=\"1\" data-list-defn-props=\"{&quot;335552541&quot;:1,&quot;335559683&quot;:0,&quot;335559684&quot;:-2,&quot;335559685&quot;:720,&quot;335559991&quot;:360,&quot;469769226&quot;:&quot;Symbol&quot;,&quot;469769242&quot;:[8226],&quot;469777803&quot;:&quot;left&quot;,&quot;469777804&quot;:&quot;\uf0b7&quot;,&quot;469777815&quot;:&quot;hybridMultilevel&quot;}\" aria-setsize=\"-1\" data-aria-posinset=\"1\" data-aria-level=\"1\"><span data-contrast=\"auto\">Remplacer le k\u00e9fir par du yogourt nature sans lactose<\/span><span data-ccp-props=\"{&quot;201341983&quot;:0,&quot;335559739&quot;:160,&quot;335559740&quot;:279}\">\u00a0<\/span><\/li>\n<\/ul>\n<p>[\/et_pb_text][\/et_pb_column][\/et_pb_row][et_pb_row column_structure=\u00a0\u00bb1_2,1_2&Prime; _builder_version=\u00a0\u00bb4.27.0&Prime; _module_preset=\u00a0\u00bbdefault\u00a0\u00bb background_color=\u00a0\u00bb#8247E3&Prime; global_colors_info=\u00a0\u00bb{}\u00a0\u00bb][et_pb_column type=\u00a0\u00bb1_2&Prime; _builder_version=\u00a0\u00bb4.27.0&Prime; _module_preset=\u00a0\u00bbdefault\u00a0\u00bb global_colors_info=\u00a0\u00bb{}\u00a0\u00bb][et_pb_button button_url=\u00a0\u00bbhttps:\/\/epithelia.ca\/produit\/labc-des-aliments-fermentes\/%20&Prime; button_text=\u00a0\u00bbInt\u00e9grer les aliments ferment\u00e9s au menu comme un\u2027e pro ! \u00a0\u00bb _builder_version=\u00a0\u00bb4.27.0&Prime; _module_preset=\u00a0\u00bbdefault\u00a0\u00bb custom_button=\u00a0\u00bbon\u00a0\u00bb button_bg_color=\u00a0\u00bb#BDE2D3&Prime; box_shadow_style=\u00a0\u00bbpreset2&Prime; global_colors_info=\u00a0\u00bb{}\u00a0\u00bb][\/et_pb_button][\/et_pb_column][et_pb_column type=\u00a0\u00bb1_2&Prime; _builder_version=\u00a0\u00bb4.27.0&Prime; _module_preset=\u00a0\u00bbdefault\u00a0\u00bb global_colors_info=\u00a0\u00bb{}\u00a0\u00bb][et_pb_image src=\u00a0\u00bbhttps:\/\/epithelia.ca\/wp-content\/uploads\/2024\/05\/5-1.png\u00a0\u00bb alt=\u00a0\u00bbGuide num\u00e9rique &#8211; ABC des aliments ferment\u00e9s. \u00c9PITH\u00c9LIA- Clinique de sant\u00e9 digestive.\u00a0\u00bb title_text=\u00a0\u00bbGuide num\u00e9rique &#8211; ABC des aliments ferment\u00e9s.  \u00c9PITH\u00c9LIA- Clinique de sant\u00e9 digestive.\u00a0\u00bb _builder_version=\u00a0\u00bb4.27.0&Prime; _module_preset=\u00a0\u00bbdefault\u00a0\u00bb width=\u00a0\u00bb50%\u00a0\u00bb max_width=\u00a0\u00bb50%\u00a0\u00bb global_colors_info=\u00a0\u00bb{}\u00a0\u00bb][\/et_pb_image][\/et_pb_column][\/et_pb_row][et_pb_row column_structure=\u00a0\u00bb1_6,1_6,1_6,1_6,1_6,1_6&Prime; _builder_version=\u00a0\u00bb4.27.0&Prime; _module_preset=\u00a0\u00bbdefault\u00a0\u00bb global_colors_info=\u00a0\u00bb{}\u00a0\u00bb][et_pb_column type=\u00a0\u00bb1_6&Prime; _builder_version=\u00a0\u00bb4.27.0&Prime; _module_preset=\u00a0\u00bbdefault\u00a0\u00bb global_colors_info=\u00a0\u00bb{}\u00a0\u00bb][et_pb_image src=\u00a0\u00bbhttps:\/\/epithelia.ca\/wp-content\/uploads\/2024\/07\/5.png\u00a0\u00bb alt=\u00a0\u00bbCode de couleur &#8211; ORANGE\u00a0\u00bb title_text=\u00a0\u00bbCode de couleur &#8211; ORANGE\u00a0\u00bb _builder_version=\u00a0\u00bb4.27.0&Prime; _module_preset=\u00a0\u00bbdefault\u00a0\u00bb global_colors_info=\u00a0\u00bb{}\u00a0\u00bb][\/et_pb_image][\/et_pb_column][et_pb_column type=\u00a0\u00bb1_6&Prime; _builder_version=\u00a0\u00bb4.27.0&Prime; _module_preset=\u00a0\u00bbdefault\u00a0\u00bb global_colors_info=\u00a0\u00bb{}\u00a0\u00bb][et_pb_image src=\u00a0\u00bbhttps:\/\/epithelia.ca\/wp-content\/uploads\/2024\/07\/7.png\u00a0\u00bb alt=\u00a0\u00bbCode de couleur &#8211; jaune \u00a0\u00bb title_text=\u00a0\u00bbCode de couleur &#8211; jaune \u00a0\u00bb _builder_version=\u00a0\u00bb4.27.0&Prime; _module_preset=\u00a0\u00bbdefault\u00a0\u00bb global_colors_info=\u00a0\u00bb{}\u00a0\u00bb][\/et_pb_image][\/et_pb_column][et_pb_column type=\u00a0\u00bb1_6&Prime; _builder_version=\u00a0\u00bb4.27.0&Prime; _module_preset=\u00a0\u00bbdefault\u00a0\u00bb global_colors_info=\u00a0\u00bb{}\u00a0\u00bb][et_pb_image src=\u00a0\u00bbhttps:\/\/epithelia.ca\/wp-content\/uploads\/2024\/07\/1.png\u00a0\u00bb alt=\u00a0\u00bbCode de couleur-ROSE\u00a0\u00bb title_text=\u00a0\u00bbCode de couleur-ROSE\u00a0\u00bb _builder_version=\u00a0\u00bb4.27.0&Prime; _module_preset=\u00a0\u00bbdefault\u00a0\u00bb global_colors_info=\u00a0\u00bb{}\u00a0\u00bb][\/et_pb_image][\/et_pb_column][et_pb_column type=\u00a0\u00bb1_6&Prime; _builder_version=\u00a0\u00bb4.27.0&Prime; _module_preset=\u00a0\u00bbdefault\u00a0\u00bb global_colors_info=\u00a0\u00bb{}\u00a0\u00bb][et_pb_image src=\u00a0\u00bbhttps:\/\/epithelia.ca\/wp-content\/uploads\/2024\/07\/AM-Pastilles-couleurs.png\u00a0\u00bb alt=\u00a0\u00bbVotre code de couleur &#8211; BRUN\u00a0\u00bb title_text=\u00a0\u00bbVotre code de couleur &#8211; BRUN\u00a0\u00bb _builder_version=\u00a0\u00bb4.27.0&Prime; _module_preset=\u00a0\u00bbdefault\u00a0\u00bb global_colors_info=\u00a0\u00bb{}\u00a0\u00bb][\/et_pb_image][\/et_pb_column][et_pb_column type=\u00a0\u00bb1_6&Prime; _builder_version=\u00a0\u00bb4.27.0&Prime; _module_preset=\u00a0\u00bbdefault\u00a0\u00bb global_colors_info=\u00a0\u00bb{}\u00a0\u00bb][et_pb_image src=\u00a0\u00bbhttps:\/\/epithelia.ca\/wp-content\/uploads\/2024\/07\/8-1.png\u00a0\u00bb alt=\u00a0\u00bbCode de couleur- BLANC\u00a0\u00bb title_text=\u00a0\u00bbCode de couleur- BLANC\u00a0\u00bb _builder_version=\u00a0\u00bb4.27.0&Prime; _module_preset=\u00a0\u00bbdefault\u00a0\u00bb global_colors_info=\u00a0\u00bb{}\u00a0\u00bb][\/et_pb_image][\/et_pb_column][et_pb_column type=\u00a0\u00bb1_6&Prime; _builder_version=\u00a0\u00bb4.27.0&Prime; _module_preset=\u00a0\u00bbdefault\u00a0\u00bb global_colors_info=\u00a0\u00bb{}\u00a0\u00bb][\/et_pb_column][\/et_pb_row][\/et_pb_section]<\/p>\n","protected":false},"excerpt":{"rendered":"<p>Ingredients:<\/p>\n<p>2 bananes, \u00e9cras\u00e9es \u00e0 la fourchette<br \/>\n2 \u0153ufs (ou \u2153 de t. de blancs d\u2019\u0153ufs liquides)<br \/>\n60 ml (\u00bc de t.) de k\u00e9fir nature<br \/>\n5 ml (1 c. \u00e0 th\u00e9) de poudre \u00e0 p\u00e2te<br \/>\n5 ml (1 teaspoon) vanilla extract<br \/>\n5 ml (1 c. \u00e0 th\u00e9) de zeste de d\u2019orange<br \/>\n2,5 ml (\u00bd c. \u00e0 th\u00e9) de cannelle moulue<\/p>\n<p>125 ml (\u00bd t.) de farine d\u2019avoine (ou autre farine au choix)<br \/>\n60 ml (\u00bc de t.) de son d\u2019avoine<br \/>\n60 ml (\u00bc de t.) de noix de Grenoble, hach\u00e9es finement <\/p>\n<p>125 ml (\u00bd t.) de framboises <\/p>\n<p>Preparation:<\/p>\n<p>1.\tPr\u00e9chauffer le four \u00e0 350\u00baF et tapisser un moule \u00e0 pain rectangulaire de papier parchemin.<br \/>\n2.\tDans un bol, fouetter la pur\u00e9e de bananes, les \u0153ufs et le k\u00e9fir.<br \/>\n3.\tIncorporer la poudre \u00e0 p\u00e2te, la cannelle et le zeste d\u2019orange.<br \/>\n4.\tAjouter la farine, le son d\u2019avoine et les noix de Grenoble. M\u00e9langer doucement.<br \/>\n5.\tAjouter les framboises et m\u00e9langer tr\u00e8s d\u00e9licatement.<br \/>\n6.\tTransf\u00e9rer le m\u00e9lange dans le moule et cuire au four environ 35 minutes, ou jusqu\u2019\u00e0 ce qu\u2019un cure-dent ins\u00e9r\u00e9 au centre du pain en ressorte propre.  <\/p>","protected":false},"author":3,"featured_media":4406572,"comment_status":"open","ping_status":"open","sticky":false,"template":"","format":"standard","meta":{"_et_pb_use_builder":"on","_et_pb_old_content":"Pr\u00e9paration: 10 minutes\n\nPortions: 8\n\nCuisson: 35 minutes\n<p style=\"font-weight: 400;\"><strong>Ingr\u00e9dients\u00a0:<\/strong><\/p>\n<p style=\"font-weight: 400;\">2 bananes, \u00e9cras\u00e9es \u00e0 la fourchette<\/p>\n<p style=\"font-weight: 400;\">2 \u0153ufs (ou \u2153 de t. de blancs d\u2019\u0153ufs liquides)<\/p>\n<p style=\"font-weight: 400;\">60 ml (\u00bc de t.) de k\u00e9fir nature<\/p>\n<p style=\"font-weight: 400;\">5 ml (1 c. \u00e0 th\u00e9) de poudre \u00e0 p\u00e2te<\/p>\n<p style=\"font-weight: 400;\">5 ml (1 c. \u00e0 th\u00e9) d\u2019extrait de vanille<\/p>\n<p style=\"font-weight: 400;\">5 ml (1 c. \u00e0 th\u00e9) de zeste de d\u2019orange<\/p>\n<p style=\"font-weight: 400;\">2,5 ml (\u00bd c. \u00e0 th\u00e9) de cannelle moulue<\/p>\n<p style=\"font-weight: 400;\">125 ml (\u00bd t.) de farine d\u2019avoine (ou autre farine au choix)<\/p>\n<p style=\"font-weight: 400;\">60 ml (\u00bc de t.) de son d\u2019avoine<\/p>\n<p style=\"font-weight: 400;\">60 ml (\u00bc de t.) de noix de Grenoble, hach\u00e9es finement<\/p>\n<p style=\"font-weight: 400;\">125 ml (\u00bd t.) de framboises<\/p>\n<p style=\"font-weight: 400;\"><strong>Pr\u00e9paration\u00a0:<\/strong><\/p>\n<p style=\"font-weight: 400;\"><strong>\u00a0<\/strong><\/p>\n\n<ol>\n \t<li>Pr\u00e9chauffer le four \u00e0 350\u00baF et tapisser un moule \u00e0 pain rectangulaire de papier parchemin.<\/li>\n \t<li>Dans un bol, fouetter la pur\u00e9e de bananes, les \u0153ufs et le k\u00e9fir.<\/li>\n \t<li>Incorporer la poudre \u00e0 p\u00e2te, la cannelle et le zeste d\u2019orange.<\/li>\n \t<li>Ajouter la farine, le son d\u2019avoine et les noix de Grenoble. M\u00e9langer doucement.<\/li>\n \t<li>Ajouter les framboises et m\u00e9langer tr\u00e8s d\u00e9licatement.<\/li>\n \t<li>Transf\u00e9rer le m\u00e9lange dans le moule et cuire au four environ 35 minutes, ou jusqu\u2019\u00e0 ce qu\u2019un cure-dent ins\u00e9r\u00e9 au centre du pain en ressorte propre.<\/li>\n<\/ol>\n<p style=\"font-weight: 400;\">Recette cr\u00e9\u00e9e par Marianne Lamy, \u00e9tudiante en nutrition UdeM, soutien \u00e0 la coordination et aux communications<\/p>\n<p style=\"font-weight: 400;\"><\/p>","_et_gb_content_width":"","wprm-recipe-roundup-name":"","wprm-recipe-roundup-description":"","footnotes":""},"categories":[29,31,27,28],"tags":[561,419,642,579],"class_list":["post-4405498","post","type-post","status-publish","format-standard","has-post-thumbnail","hentry","category-collations","category-dessert","category-faible-en-fodmap","category-recette-vegetarienne","tag-banane","tag-faible-en-fodmap","tag-framboises","tag-prebiotiques"],"aioseo_notices":[],"_links":{"self":[{"href":"https:\/\/epithelia.ca\/en\/wp-json\/wp\/v2\/posts\/4405498","targetHints":{"allow":["GET"]}}],"collection":[{"href":"https:\/\/epithelia.ca\/en\/wp-json\/wp\/v2\/posts"}],"about":[{"href":"https:\/\/epithelia.ca\/en\/wp-json\/wp\/v2\/types\/post"}],"author":[{"embeddable":true,"href":"https:\/\/epithelia.ca\/en\/wp-json\/wp\/v2\/users\/3"}],"replies":[{"embeddable":true,"href":"https:\/\/epithelia.ca\/en\/wp-json\/wp\/v2\/comments?post=4405498"}],"version-history":[{"count":1,"href":"https:\/\/epithelia.ca\/en\/wp-json\/wp\/v2\/posts\/4405498\/revisions"}],"predecessor-version":[{"id":4410157,"href":"https:\/\/epithelia.ca\/en\/wp-json\/wp\/v2\/posts\/4405498\/revisions\/4410157"}],"wp:featuredmedia":[{"embeddable":true,"href":"https:\/\/epithelia.ca\/en\/wp-json\/wp\/v2\/media\/4406572"}],"wp:attachment":[{"href":"https:\/\/epithelia.ca\/en\/wp-json\/wp\/v2\/media?parent=4405498"}],"wp:term":[{"taxonomy":"category","embeddable":true,"href":"https:\/\/epithelia.ca\/en\/wp-json\/wp\/v2\/categories?post=4405498"},{"taxonomy":"post_tag","embeddable":true,"href":"https:\/\/epithelia.ca\/en\/wp-json\/wp\/v2\/tags?post=4405498"}],"curies":[{"name":"wp","href":"https:\/\/api.w.org\/{rel}","templated":true}]}}