{"id":4406333,"date":"2024-07-09T17:35:03","date_gmt":"2024-07-09T21:35:03","guid":{"rendered":"https:\/\/epithelia.ca\/?p=4406333"},"modified":"2024-10-16T13:01:24","modified_gmt":"2024-10-16T17:01:24","slug":"diverticulosis-or-diverticulitis","status":"publish","type":"post","link":"https:\/\/epithelia.ca\/en\/blogue\/diverticulose-ou-diverticulite\/","title":{"rendered":"Diverticulosis or diverticulitis?\u00a0"},"content":{"rendered":"\n[et_pb_section fb_built=\u00a0\u00bb1&Prime; _builder_version=\u00a0\u00bb4.26.0&Prime; _module_preset=\u00a0\u00bbdefault\u00a0\u00bb global_colors_info=\u00a0\u00bb{}\u00a0\u00bb][et_pb_row _builder_version=\u00a0\u00bb4.26.0&Prime; _module_preset=\u00a0\u00bbdefault\u00a0\u00bb global_colors_info=\u00a0\u00bb{}\u00a0\u00bb][et_pb_column type=\u00a0\u00bb4_4&Prime; _builder_version=\u00a0\u00bb4.26.0&Prime; _module_preset=\u00a0\u00bbdefault\u00a0\u00bb global_colors_info=\u00a0\u00bb{}\u00a0\u00bb][et_pb_text _builder_version=\u00a0\u00bb4.26.0&Prime; _module_preset=\u00a0\u00bbdefault\u00a0\u00bb global_colors_info=\u00a0\u00bb{}\u00a0\u00bb]<p style=\"text-align: justify;\"><span data-contrast=\"auto\">Diverticulose ou diverticulite ? Peut-on pr\u00e9venir ? Doit-on limiter certains aliments ?<\/span><span data-ccp-props=\"{&quot;201341983&quot;:0,&quot;335559739&quot;:160,&quot;335559740&quot;:279}\">\u00a0<\/span><\/p>\n<h3 style=\"text-align: justify;\"><b><span data-contrast=\"none\">Diverticulose ou diverticulite ?\u00a0<\/span><\/b><span data-ccp-props=\"{&quot;134233117&quot;:false,&quot;134233118&quot;:false,&quot;201341983&quot;:0,&quot;335559738&quot;:0,&quot;335559739&quot;:0,&quot;335559740&quot;:279}\">\u00a0<\/span><\/h3>\n<p style=\"text-align: justify;\"><span data-contrast=\"none\">Des synonymes ? Non !\u00a0<\/span><span data-ccp-props=\"{&quot;134233117&quot;:false,&quot;134233118&quot;:false,&quot;201341983&quot;:0,&quot;335559738&quot;:0,&quot;335559739&quot;:0,&quot;335559740&quot;:279}\">\u00a0<\/span><\/p>\n<p style=\"text-align: justify;\"><span data-contrast=\"none\">La diverticulose est une condition indiquant que l\u2019on est porteur de diverticule. Un diverticule est une hernie de la muqueuse et de la sous-muqueuse \u00e0 travers la couche musculeuse du c\u00f4lon. Autrement dit, les couches internes du c\u00f4lon s&rsquo;affaissent au sein de la couche externe du c\u00f4lon.\u00a0<\/span><span data-ccp-props=\"{&quot;134233117&quot;:false,&quot;134233118&quot;:false,&quot;201341983&quot;:0,&quot;335559738&quot;:0,&quot;335559739&quot;:0,&quot;335559740&quot;:279}\">\u00a0<\/span><\/p>\n<p style=\"text-align: justify;\"><span data-contrast=\"none\">Souffrir de diverticulose, est-ce possible ? Pas vraiment, car la diverticulose n\u2019est pas une maladie en soi et est, dans la grande majorit\u00e9 des cas, asymptomatique.\u00a0<\/span><span data-ccp-props=\"{&quot;134233117&quot;:false,&quot;134233118&quot;:false,&quot;201341983&quot;:0,&quot;335559738&quot;:0,&quot;335559739&quot;:0,&quot;335559740&quot;:279}\">\u00a0<\/span><\/p>\n<p style=\"text-align: justify;\"><span data-contrast=\"none\">Cependant, la pr\u00e9sence d\u2019une diverticulose peut entra\u00eener des complications, qui elles, sont fortement susceptibles d\u2019\u00eatre douloureuses et symptomatiques. Entre-autres, l\u2019inflammation d\u2019un diverticule provoque, ce que l\u2019on appelle, une diverticulite.\u00a0<\/span><span data-ccp-props=\"{&quot;134233117&quot;:false,&quot;134233118&quot;:false,&quot;201341983&quot;:0,&quot;335559738&quot;:0,&quot;335559739&quot;:0,&quot;335559740&quot;:279}\">\u00a0<\/span><\/p>\n<p style=\"text-align: justify;\"><span data-ccp-props=\"{&quot;201341983&quot;:0,&quot;335559739&quot;:160,&quot;335559740&quot;:279}\">\u00a0<\/span><\/p>[\/et_pb_text][\/et_pb_column][\/et_pb_row][et_pb_row _builder_version=\u00a0\u00bb4.26.0&Prime; _module_preset=\u00a0\u00bbdefault\u00a0\u00bb global_colors_info=\u00a0\u00bb{}\u00a0\u00bb column_structure=\u00a0\u00bb3_5,2_5&Prime;][et_pb_column type=\u00a0\u00bb3_5&Prime; _builder_version=\u00a0\u00bb4.26.0&Prime; _module_preset=\u00a0\u00bbdefault\u00a0\u00bb global_colors_info=\u00a0\u00bb{}\u00a0\u00bb][et_pb_text _builder_version=\u00a0\u00bb4.26.0&Prime; _module_preset=\u00a0\u00bbdefault\u00a0\u00bb background_color=\u00a0\u00bb#BDE2D3&Prime; global_colors_info=\u00a0\u00bb{}\u00a0\u00bb]<h3><b><span data-contrast=\"none\">Diverticulite, qu\u2019est-ce que c\u2019est ?<\/span><\/b><span data-ccp-props=\"{&quot;201341983&quot;:0,&quot;335559739&quot;:160,&quot;335559740&quot;:279}\">\u00a0<\/span><\/h3>\n<p><span data-contrast=\"none\">La diverticulite est l\u2019inflammation d\u2019un diverticule, enclenchant une r\u00e9ponse inflammatoire qui se manifeste g\u00e9n\u00e9ralement par les trois sympt\u00f4mes suivants :<\/span><span data-ccp-props=\"{&quot;134233117&quot;:false,&quot;134233118&quot;:false,&quot;201341983&quot;:0,&quot;335559738&quot;:0,&quot;335559739&quot;:0,&quot;335559740&quot;:279}\">\u00a0<\/span><\/p>\n<p><span data-contrast=\"none\">1. <strong>Une douleur<\/strong> (g\u00e9n\u00e9ralement localis\u00e9e au niveau de la fosse iliaque gauche)<\/span><span data-ccp-props=\"{&quot;134233117&quot;:false,&quot;134233118&quot;:false,&quot;201341983&quot;:0,&quot;335559738&quot;:220,&quot;335559739&quot;:220,&quot;335559740&quot;:279}\">\u00a0<\/span><\/p>\n<p><span data-contrast=\"none\">2. <strong>De la fi\u00e8vre<\/strong><\/span><strong>\u00a0<\/strong><\/p>\n<p><span data-contrast=\"none\">3. <strong>Une leucocytose<\/strong> (augmentation anormale du nombre de globules blancs dans le sang, indiquant une r\u00e9activit\u00e9 importante du syst\u00e8me immunitaire) <\/span><span data-ccp-props=\"{&quot;134233117&quot;:false,&quot;134233118&quot;:false,&quot;201341983&quot;:0,&quot;335559738&quot;:220,&quot;335559739&quot;:220,&quot;335559740&quot;:279}\">\u00a0<\/span><\/p>[\/et_pb_text][\/et_pb_column][et_pb_column type=\u00a0\u00bb2_5&Prime; _builder_version=\u00a0\u00bb4.26.0&Prime; _module_preset=\u00a0\u00bbdefault\u00a0\u00bb global_colors_info=\u00a0\u00bb{}\u00a0\u00bb][et_pb_image src=\u00a0\u00bbhttps:\/\/epithelia.ca\/wp-content\/uploads\/2024\/07\/Capture-decran-le-2024-07-09-a-16.53.05.png\u00a0\u00bb _builder_version=\u00a0\u00bb4.26.0&Prime; _module_preset=\u00a0\u00bbdefault\u00a0\u00bb alt=\u00a0\u00bbInflammation d&rsquo;un diverticule.\u00a0\u00bb title_text=\u00a0\u00bbCapture d\u2019e\u0301cran, le 2024-07-09 a\u0300 16.53.05&Prime; hover_enabled=\u00a0\u00bb0&Prime; sticky_enabled=\u00a0\u00bb0&Prime;][\/et_pb_image][\/et_pb_column][\/et_pb_row][et_pb_row _builder_version=\u00a0\u00bb4.26.0&Prime; _module_preset=\u00a0\u00bbdefault\u00a0\u00bb global_colors_info=\u00a0\u00bb{}\u00a0\u00bb][et_pb_column type=\u00a0\u00bb4_4&Prime; _builder_version=\u00a0\u00bb4.26.0&Prime; _module_preset=\u00a0\u00bbdefault\u00a0\u00bb global_colors_info=\u00a0\u00bb{}\u00a0\u00bb][et_pb_text _builder_version=\u00a0\u00bb4.26.0&Prime; _module_preset=\u00a0\u00bbdefault\u00a0\u00bb global_colors_info=\u00a0\u00bb{}\u00a0\u00bb]<h3 style=\"text-align: left;\"><b><span data-contrast=\"none\">Qu\u2019est-ce qui cause une diverticulite :<\/span><\/b><span data-ccp-props=\"{&quot;134233117&quot;:false,&quot;134233118&quot;:false,&quot;201341983&quot;:0,&quot;335559738&quot;:0,&quot;335559739&quot;:0,&quot;335559740&quot;:279}\">\u00a0<\/span><\/h3>\n<p style=\"text-align: left;\"><span data-contrast=\"none\">Une diverticulite est d\u00e9clench\u00e9e par la perforation d\u2019un diverticule, entra\u00eenant une r\u00e9ponse inflammatoire pouvant \u00eatre, dans les cas mineurs, localis\u00e9e ou, dans les cas plus s\u00e9v\u00e8res, pouvant s\u2019\u00e9tendre et causer un abc\u00e8s ou encore, une fistule avec les organes avoisinants.\u00a0<\/span><span data-ccp-props=\"{&quot;134233117&quot;:false,&quot;134233118&quot;:false,&quot;201341983&quot;:0,&quot;335559738&quot;:0,&quot;335559739&quot;:0,&quot;335559740&quot;:279}\">\u00a0<\/span><\/p>\n<h3 style=\"text-align: left;\"><b><span data-contrast=\"none\">Traitement de la phase aig\u00fce<\/span><\/b><span data-ccp-props=\"{&quot;201341983&quot;:0,&quot;335559739&quot;:160,&quot;335559740&quot;:279}\">\u00a0<\/span><\/h3>\n<p style=\"text-align: left;\"><span data-contrast=\"none\">La diverticulite aigu\u00eb est diagnostiqu\u00e9e \u00e0 l&rsquo;h\u00f4pital par un m\u00e9decin et se traitera g\u00e9n\u00e9ralement \u00e0 l\u2019aide d&rsquo;antibiotiques ou d\u2019analg\u00e9siques. Il est g\u00e9n\u00e9ralement conseill\u00e9, pendant la phase active, d\u2019opter pour un r\u00e9gime sans r\u00e9sidu (il est conseill\u00e9 de <strong><a href=\"https:\/\/epithelia.ca\/consultations\/\">consulter une nutritionniste<\/a><\/strong> lors de l\u2019application de ce r\u00e9gime.<\/span><\/p>\n<p style=\"text-align: justify;\"><span data-ccp-props=\"{&quot;201341983&quot;:0,&quot;335559739&quot;:160,&quot;335559740&quot;:279}\">\u00a0<\/span><\/p>[\/et_pb_text][\/et_pb_column][\/et_pb_row][et_pb_row column_structure=\u00a0\u00bb1_2,1_2&Prime; _builder_version=\u00a0\u00bb4.26.0&Prime; _module_preset=\u00a0\u00bbdefault\u00a0\u00bb global_colors_info=\u00a0\u00bb{}\u00a0\u00bb][et_pb_column type=\u00a0\u00bb1_2&Prime; _builder_version=\u00a0\u00bb4.26.0&Prime; _module_preset=\u00a0\u00bbdefault\u00a0\u00bb global_colors_info=\u00a0\u00bb{}\u00a0\u00bb][et_pb_text _builder_version=\u00a0\u00bb4.26.0&Prime; _module_preset=\u00a0\u00bbdefault\u00a0\u00bb custom_padding=\u00a0\u00bb||0px|||\u00a0\u00bb global_colors_info=\u00a0\u00bb{}\u00a0\u00bb]<h3 style=\"text-align: left;\"><b><span data-contrast=\"none\">Possible de pr\u00e9venir les diverticulites ?\u00a0<\/span><\/b><span data-ccp-props=\"{&quot;134233117&quot;:false,&quot;134233118&quot;:false,&quot;201341983&quot;:0,&quot;335559738&quot;:0,&quot;335559739&quot;:0,&quot;335559740&quot;:279}\">\u00a0<\/span><\/h3>\n<p style=\"text-align: left;\"><span data-contrast=\"none\">Les r\u00e9cidives sont fr\u00e9quentes. Environ 30% des personnes ayant subi une crise en subiront une seconde. Heureusement, les complications ne sont, g\u00e9n\u00e9ralement, pas plus graves que lors de la premi\u00e8re.\u00a0<\/span><span data-ccp-props=\"{&quot;134233117&quot;:false,&quot;134233118&quot;:false,&quot;201341983&quot;:0,&quot;335559738&quot;:0,&quot;335559739&quot;:0,&quot;335559740&quot;:279}\">\u00a0<\/span><\/p>\n<p style=\"text-align: left;\"><span data-contrast=\"none\">La diverticulose, en tant que telle ne n\u00e9cessite aucun traitement.\u00a0 \u00c0\u00a0ce jour, il n\u2019y a pas \u00ab une \u00bb alimentation sp\u00e9cifique\u00a0pour pr\u00e9venir l\u2019apparition des diverticulites chez les gens ayant une diverticulose. De multiples facteurs doivent \u00eatre pris en consid\u00e9ration. En revanche, l\u2019adoption d\u2019une saine alimentation pourrait aider en optimisant la sant\u00e9 digestive globale. <\/span><\/p>[\/et_pb_text][\/et_pb_column][et_pb_column type=\u00a0\u00bb1_2&Prime; _builder_version=\u00a0\u00bb4.26.0&Prime; _module_preset=\u00a0\u00bbdefault\u00a0\u00bb global_colors_info=\u00a0\u00bb{}\u00a0\u00bb][et_pb_cta title=\u00a0\u00bbConsulter une nutritionniste\u00a0\u00bb button_text=\u00a0\u00bbhttps:\/\/epithelia.ca\/consultations\/ \u00a0\u00bb _builder_version=\u00a0\u00bb4.26.0&Prime; _module_preset=\u00a0\u00bbdefault\u00a0\u00bb global_colors_info=\u00a0\u00bb{}\u00a0\u00bb]<p><span class=\"NormalTextRun SCXW138093165 BCX0\">Vous avez des questions et aimeriez optimiser votre sant\u00e9 digestive \u00e0 la suite d&rsquo;une <\/span><span class=\"NormalTextRun SCXW138093165 BCX0\">diverticulite<\/span><span class=\"NormalTextRun SCXW138093165 BCX0\"> ?<\/span><span style=\"color: #ffffff;\"><strong><a href=\"https:\/\/epithelia.ca\/consultations\/%20\" style=\"color: #ffffff;\"><span class=\"NormalTextRun SCXW138093165 BCX0\"> Nos nutritionnistes sont l\u00e0 pour vous accompagner.<\/span><\/a><\/strong><\/span><\/p>[\/et_pb_cta][\/et_pb_column][\/et_pb_row][et_pb_row _builder_version=\u00a0\u00bb4.26.0&Prime; _module_preset=\u00a0\u00bbdefault\u00a0\u00bb global_colors_info=\u00a0\u00bb{}\u00a0\u00bb][et_pb_column type=\u00a0\u00bb4_4&Prime; _builder_version=\u00a0\u00bb4.26.0&Prime; _module_preset=\u00a0\u00bbdefault\u00a0\u00bb global_colors_info=\u00a0\u00bb{}\u00a0\u00bb][et_pb_text _builder_version=\u00a0\u00bb4.26.0&Prime; _module_preset=\u00a0\u00bbdefault\u00a0\u00bb global_colors_info=\u00a0\u00bb{}\u00a0\u00bb]<h3><b><span data-contrast=\"none\"><\/span><\/b><\/h3>\n<h3><b><span data-contrast=\"none\">Et les fibres ?<\/span><\/b><span data-ccp-props=\"{&quot;134233117&quot;:false,&quot;134233118&quot;:false,&quot;201341983&quot;:0,&quot;335559738&quot;:0,&quot;335559739&quot;:0,&quot;335559740&quot;:279}\">\u00a0<\/span><\/h3>\n<p style=\"text-align: left;\"><span data-contrast=\"none\">Certaines \u00e9tudes \u00e9pid\u00e9miologiques ont observ\u00e9 un lien entre la consommation de fibres alimentaires et la pr\u00e9valence de diverticule. Ces \u00e9tudes ont not\u00e9 qu\u2019un apport plus \u00e9lev\u00e9 en fibres alimentaires pourrait pr\u00e9venir l\u2019apparition de diverticule. Toutefois, le nombre d\u2019\u00e9tudes et de preuves est insuffisant pour \u00e9noncer qu\u2019une alimentation riche en fibres, quoique b\u00e9n\u00e9fique pour de multiples autres raisons, puisse pr\u00e9venir l\u2019apparition de diverticules dans le c\u00f4lon.\u00a0<\/span><span data-ccp-props=\"{&quot;134233117&quot;:false,&quot;134233118&quot;:false,&quot;201341983&quot;:0,&quot;335559738&quot;:0,&quot;335559739&quot;:0,&quot;335559740&quot;:279}\">\u00a0<\/span><\/p>[\/et_pb_text][\/et_pb_column][\/et_pb_row][et_pb_row _builder_version=\u00a0\u00bb4.26.0&Prime; _module_preset=\u00a0\u00bbdefault\u00a0\u00bb global_colors_info=\u00a0\u00bb{}\u00a0\u00bb][et_pb_column type=\u00a0\u00bb4_4&Prime; _builder_version=\u00a0\u00bb4.26.0&Prime; _module_preset=\u00a0\u00bbdefault\u00a0\u00bb global_colors_info=\u00a0\u00bb{}\u00a0\u00bb][et_pb_text _builder_version=\u00a0\u00bb4.26.0&Prime; _module_preset=\u00a0\u00bbdefault\u00a0\u00bb background_color=\u00a0\u00bb#BDE2D3&Prime; global_colors_info=\u00a0\u00bb{}\u00a0\u00bb]<h3><b><span data-contrast=\"none\">Mythes ou r\u00e9alit\u00e9s ?\u00a0<\/span><\/b><span data-ccp-props=\"{&quot;134233117&quot;:false,&quot;134233118&quot;:false,&quot;201341983&quot;:0,&quot;335559738&quot;:0,&quot;335559739&quot;:0,&quot;335559740&quot;:279}\">\u00a0<\/span><\/h3>\n<p style=\"text-align: left;\"><span data-contrast=\"none\">Les aliments durs, pointus, les noyaux ou les graines peuvent causer la perforation d\u2019un diverticule et d\u00e9clencher une diverticulite ?<\/span><span data-ccp-props=\"{&quot;134233117&quot;:false,&quot;134233118&quot;:false,&quot;201341983&quot;:0,&quot;335559738&quot;:0,&quot;335559739&quot;:0,&quot;335559740&quot;:279}\">\u00a0<\/span><\/p>\n<p style=\"text-align: left;\"><span data-contrast=\"none\">Faux!\u00a0<\/span><span data-ccp-props=\"{&quot;134233117&quot;:false,&quot;134233118&quot;:false,&quot;201341983&quot;:0,&quot;335559738&quot;:0,&quot;335559739&quot;:0,&quot;335559740&quot;:279}\">\u00a0<\/span><\/p>\n<p style=\"text-align: left;\"><span data-contrast=\"none\">Ce mythe est encore tr\u00e8s fort au sein de la croyance populaire, mais il est faux. \u00c0 ce jour, aucun aliment, geste alimentaire n\u2019est connu comme pouvant pr\u00e9venir ou d\u00e9clencher une diverticulite.\u00a0<\/span><span data-ccp-props=\"{&quot;134233117&quot;:false,&quot;134233118&quot;:false,&quot;201341983&quot;:0,&quot;335559738&quot;:0,&quot;335559739&quot;:0,&quot;335559740&quot;:279}\">\u00a0<\/span><\/p>\n<p style=\"text-align: left;\"><span data-contrast=\"none\">G\u00e9n\u00e9ralement, il est conseill\u00e9 de suivre une di\u00e8te riche en fibres \u00e0 la suite d&rsquo;une crise afin de pr\u00e9venir de possibles r\u00e9cidives. Bien que cette recommandation ne soit pas encore unanime au sein de la litt\u00e9rature scientifique, il n\u2019en demeure pas moins que les fibres sont b\u00e9n\u00e9fiques \u00e0 la sant\u00e9 intestinale et peuvent pr\u00e9venir l&rsquo;apparition de d\u2019autres complications digestives.\u00a0<\/span><span data-ccp-props=\"{&quot;134233117&quot;:false,&quot;134233118&quot;:false,&quot;201341983&quot;:0,&quot;335559738&quot;:0,&quot;335559739&quot;:0,&quot;335559740&quot;:279}\">\u00a0<\/span><\/p>[\/et_pb_text][\/et_pb_column][\/et_pb_row][et_pb_row column_structure=\u00a0\u00bb3_5,2_5&Prime; _builder_version=\u00a0\u00bb4.26.0&Prime; _module_preset=\u00a0\u00bbdefault\u00a0\u00bb global_colors_info=\u00a0\u00bb{}\u00a0\u00bb][et_pb_column type=\u00a0\u00bb3_5&Prime; _builder_version=\u00a0\u00bb4.26.0&Prime; _module_preset=\u00a0\u00bbdefault\u00a0\u00bb global_colors_info=\u00a0\u00bb{}\u00a0\u00bb][et_pb_text _builder_version=\u00a0\u00bb4.26.0&Prime; _module_preset=\u00a0\u00bbdefault\u00a0\u00bb global_colors_info=\u00a0\u00bb{}\u00a0\u00bb]<p><b><span data-contrast=\"none\">Petites graines des fruits et diverticulites :<\/span><\/b><span data-ccp-props=\"{&quot;134233117&quot;:false,&quot;134233118&quot;:false,&quot;201341983&quot;:0,&quot;335559738&quot;:0,&quot;335559739&quot;:0,&quot;335559740&quot;:279}\">\u00a0<\/span><\/p>\n<p><span data-contrast=\"none\">Maintenant que le mythe a \u00e9t\u00e9 \u00e9tabli, nul besoin de strictement \u00e9viter les fruits \u00e0 petites graines tels que ; les framboises, les figues, les fraises, etc.*<\/span><span data-ccp-props=\"{&quot;134233117&quot;:false,&quot;134233118&quot;:false,&quot;201341983&quot;:0,&quot;335559738&quot;:0,&quot;335559739&quot;:0,&quot;335559740&quot;:279}\">\u00a0<\/span><\/p>\n<p><span data-contrast=\"none\">Notamment, les framboises, ces petites baies rouges au pouvoir antioxydant, \u00e0 teneur \u00e9lev\u00e9e en fibres ne doivent pas n\u00e9cessairement \u00eatre restreintes. Au contraire, elles sont plut\u00f4t favorables \u00e0 la sant\u00e9 digestive et \u00e0 la sant\u00e9 globale. En plus des nombreux polyph\u00e9nols d\u2019int\u00e9r\u00eat qu\u2019elles contiennent (flavonols, anthocyanes), elles contiennent de l\u2019acide ellagique, un compos\u00e9 \u00e9tudi\u00e9 pour ses effets potentiellement anti canc\u00e9rig\u00e8ne.\u00a0<\/span><span data-ccp-props=\"{&quot;134233117&quot;:false,&quot;134233118&quot;:false,&quot;201341983&quot;:0,&quot;335559738&quot;:0,&quot;335559739&quot;:0,&quot;335559740&quot;:279}\">\u00a0<\/span><\/p>\n<p><span data-contrast=\"none\">Mentionnons qu\u2019elles sont un alli\u00e9 au bon transit intestinal du fait de leur teneur en fibres insolubles:<\/span><span data-ccp-props=\"{&quot;134233117&quot;:false,&quot;134233118&quot;:false,&quot;201341983&quot;:0,&quot;335559738&quot;:0,&quot;335559739&quot;:0,&quot;335559740&quot;:279}\">\u00a0<\/span><\/p>\n<p><em>Par portion de 125 ml (\u00bd t. \/ 84g)\u00a0<\/em><\/p>\n<p><em>4,6 g de fibres totales\u00a0\u00a0<\/em><\/p>\n<p><em>1,3 g de fibres solubles\u00a0\u00a0<\/em><\/p>\n<p><em>3,3, g de fibres insolubles\u00a0\u00a0<\/em><\/p>\n<p><span data-ccp-props=\"{&quot;201341983&quot;:0,&quot;335559739&quot;:160,&quot;335559740&quot;:279}\"><\/span><\/p>\n<p><span data-contrast=\"none\">*Il est \u00e0 noter que chaque recommandation se doit d\u2019\u00eatre<\/span><b><span data-contrast=\"none\"> personnalis\u00e9e<\/span><\/b><span data-contrast=\"none\">. Informez-vous de votre situation aupr\u00e8s de votre m\u00e9decin et <span style=\"text-decoration: underline; color: #8247e3;\"><a href=\"https:\/\/epithelia.ca\/consultations\/%20\" style=\"color: #8247e3; text-decoration: underline;\"><strong>assurez-vous d\u2019avoir un accompagnement nutritionnel adapt\u00e9 \u00e0 <\/strong><\/a><\/span><\/span><span style=\"text-decoration: underline; color: #8247e3;\"><a href=\"https:\/\/epithelia.ca\/consultations\/%20\" style=\"color: #8247e3; text-decoration: underline;\"><strong>votre situation.\u00a0<\/strong><\/a><\/span><\/p>\n<p><span data-ccp-props=\"{&quot;201341983&quot;:0,&quot;335559739&quot;:160,&quot;335559740&quot;:279}\">\u00a0<\/span><\/p>[\/et_pb_text][\/et_pb_column][et_pb_column type=\u00a0\u00bb2_5&Prime; _builder_version=\u00a0\u00bb4.26.0&Prime; _module_preset=\u00a0\u00bbdefault\u00a0\u00bb global_colors_info=\u00a0\u00bb{}\u00a0\u00bb][et_pb_image src=\u00a0\u00bbhttps:\/\/epithelia.ca\/wp-content\/uploads\/2024\/07\/hector-bermudez-YzUkt-X8TK4-unsplash-scaled.jpg\u00a0\u00bb alt=\u00a0\u00bbFramboises, bienfaits nutritionnels, sant\u00e9 digestive et diverticulite\u00a0\u00bb title_text=\u00a0\u00bbhector-bermudez-YzUkt-X8TK4-unsplash\u00a0\u00bb _builder_version=\u00a0\u00bb4.26.0&Prime; _module_preset=\u00a0\u00bbdefault\u00a0\u00bb global_colors_info=\u00a0\u00bb{}\u00a0\u00bb][\/et_pb_image][et_pb_image src=\u00a0\u00bbhttps:\/\/epithelia.ca\/wp-content\/uploads\/2024\/07\/paul-shore-QSc5vyEGOpE-unsplash-scaled.jpg\u00a0\u00bb alt=\u00a0\u00bbFramboise: bienfaits nutritionnels, fibres, sant\u00e9 digestive, diverticulite\u00a0\u00bb title_text=\u00a0\u00bbpaul-shore-QSc5vyEGOpE-unsplash\u00a0\u00bb _builder_version=\u00a0\u00bb4.26.0&Prime; _module_preset=\u00a0\u00bbdefault\u00a0\u00bb global_colors_info=\u00a0\u00bb{}\u00a0\u00bb][\/et_pb_image][et_pb_image src=\u00a0\u00bbhttps:\/\/epithelia.ca\/wp-content\/uploads\/2024\/07\/IMG_5154.jpeg\u00a0\u00bb alt=\u00a0\u00bbSalade aux framboises, noix de Grenoble et feta faible en fodmap\u00a0\u00bb title_text=\u00a0\u00bbsalade framboises noix grenoble feta faible fodmap\u00a0\u00bb _builder_version=\u00a0\u00bb4.26.0&Prime; _module_preset=\u00a0\u00bbdefault\u00a0\u00bb global_colors_info=\u00a0\u00bb{}\u00a0\u00bb][\/et_pb_image][et_pb_cta title=\u00a0\u00bbEssayer cette salade mettant en valeur les framboises!\u00a0\u00bb button_text=\u00a0\u00bbhttps:\/\/epithelia.ca\/recettes\/faible-en-fodmap\/salade-aux-framboise-noix-de-grenoble-et-feta\/\u00a0\u00bb _builder_version=\u00a0\u00bb4.26.0&Prime; _module_preset=\u00a0\u00bbdefault\u00a0\u00bb global_colors_info=\u00a0\u00bb{}\u00a0\u00bb]<p><span style=\"color: #ffffff;\"><a href=\"https:\/\/epithelia.ca\/recettes\/faible-en-fodmap\/salade-aux-framboise-noix-de-grenoble-et-feta\/\" style=\"color: #ffffff;\" title=\"Salade aux framboises, noix de Grenoble et feta\">Salade aux framboises, noix de Grenoble et feta<\/a><\/span><\/p>[\/et_pb_cta][\/et_pb_column][\/et_pb_row][et_pb_row _builder_version=\u00a0\u00bb4.26.0&Prime; _module_preset=\u00a0\u00bbdefault\u00a0\u00bb global_colors_info=\u00a0\u00bb{}\u00a0\u00bb][et_pb_column type=\u00a0\u00bb4_4&Prime; _builder_version=\u00a0\u00bb4.26.0&Prime; _module_preset=\u00a0\u00bbdefault\u00a0\u00bb global_colors_info=\u00a0\u00bb{}\u00a0\u00bb][et_pb_cta title=\u00a0\u00bbRecettes pour savourer les framboises!\u00a0\u00bb button_text=\u00a0\u00bbsavourer-les-framboises\u00a0\u00bb _builder_version=\u00a0\u00bb4.26.0&Prime; _module_preset=\u00a0\u00bbdefault\u00a0\u00bb background_color=\u00a0\u00bb#BDE2D3&Prime; global_colors_info=\u00a0\u00bb{}\u00a0\u00bb]<p><a href=\"https:\/\/epithelia.ca\/?s=framboise&amp;et_pb_searchform_submit=et_search_proccess&amp;et_pb_include_posts=yes&amp;et_pb_include_pages=yes\"><span data-contrast=\"none\" xml:lang=\"FR-FR\" lang=\"FR-FR\" class=\"TextRun SCXW30780911 BCX0\"><span class=\"NormalTextRun SCXW30780911 BCX0\">Jetez un coup d&rsquo;\u0153il \u00e0 ces recettes mettant en valeur les <\/span><span class=\"NormalTextRun SCXW30780911 BCX0\">framboises !<\/span><\/span><\/a><span class=\"EOP SCXW30780911 BCX0\" data-ccp-props=\"{&quot;134233117&quot;:false,&quot;134233118&quot;:false,&quot;201341983&quot;:0,&quot;335559738&quot;:0,&quot;335559739&quot;:0,&quot;335559740&quot;:279}\"><\/span><\/p>[\/et_pb_cta][\/et_pb_column][\/et_pb_row][et_pb_row _builder_version=\u00a0\u00bb4.26.0&Prime; _module_preset=\u00a0\u00bbdefault\u00a0\u00bb global_colors_info=\u00a0\u00bb{}\u00a0\u00bb][et_pb_column type=\u00a0\u00bb4_4&Prime; _builder_version=\u00a0\u00bb4.26.0&Prime; _module_preset=\u00a0\u00bbdefault\u00a0\u00bb global_colors_info=\u00a0\u00bb{}\u00a0\u00bb][et_pb_text _builder_version=\u00a0\u00bb4.26.0&Prime; _module_preset=\u00a0\u00bbdefault\u00a0\u00bb background_color=\u00a0\u00bbRGBA(255,255,255,0)\u00a0\u00bb global_colors_info=\u00a0\u00bb{}\u00a0\u00bb]<h4>R\u00e9f\u00e9rences:<\/h4>\n<ul>\n<li style=\"text-align: justify;\">Bobinait\u0117, Ramun\u0117, et al. \u201cVariation of Total Phenolics, Anthocyanins, Ellagic Acid and Radical Scavenging Capacity in Various Raspberry (Rubus Spp.) Cultivars.\u201d Food Chemistry, vol. 132, no. 3, Elsevier Ltd, 2012, pp. 1495\u2013501, doi:10.1016\/j.foodchem.2011.11.137. <a href=\"https:\/\/pubmed.ncbi.nlm.nih.gov\/29243641\/\">https:\/\/pubmed.ncbi.nlm.nih.gov\/29243641\/<\/a><\/li>\n<\/ul>\n<p>&nbsp;<\/p>\n<ul>\n<li style=\"text-align: justify;\">Chen, Liang, et al. \u201cPhytochemical Properties and Antioxidant Capacities of Commercial Raspberry Varieties.\u201d Journal of Functional Foods, vol. 5, no. 1, Elsevier, 2013, pp. 508\u201315, doi:10.1016\/j.jff.2012.10.009. <a href=\"https:\/\/www.sciencedirect.com\/science\/article\/pii\/S1756464612001557\">https:\/\/www.sciencedirect.com\/science\/article\/pii\/S1756464612001557<\/a><\/li>\n<\/ul>\n<p>&nbsp;<\/p>\n<ul>\n<li style=\"text-align: justify;\">Gouvernement du Canada (2019). Fichier canadien sur les \u00e9l\u00e9ments nutritifs (FC\u00c9N). <a href=\"https:\/\/aliments-nutrition.canada.ca\/cnf-fce\/?lang=fre\">https:\/\/aliments-nutrition.canada.ca\/cnf-fce\/?lang=fre<\/a><\/li>\n<\/ul>\n<p>&nbsp;<\/p>\n<ul>\n<li style=\"text-align: justify;\">Harvard University Health Services. (Mai 2004). Fiber Content of Foods in Common Portions. <a href=\"https:\/\/cookwithkathy.files.wordpress.com\/2014\/05\/sifibre.pdf\">https:\/\/cookwithkathy.files.wordpress.com\/2014\/05\/sifibre.pdf<\/a><\/li>\n<\/ul>\n<p>&nbsp;<\/p>\n<ul>\n<li style=\"text-align: justify;\"><a href=\"https:\/\/www.jaimefruitsetlegumes.ca\/fr\/aliments\/framboise\/#:~:text=Les%20framboises%20regorgent%20de%20nutriments,framboises%20sont%20riches%20en%20antioxydants\">https:\/\/www.jaimefruitsetlegumes.ca\/fr\/aliments\/framboise\/#:~:text=Les%20framboises%20regorgent%20de%20nutriments,framboises%20sont%20riches%20en%20antioxydants<\/a>.<\/li>\n<\/ul>\n<p>&nbsp;<\/p>\n<ul>\n<li style=\"text-align: justify;\">North Ottawa Wellness Foundation. (n.d.). Soluble &amp; Insoluble Fiber Foods List. <a href=\"https:\/\/www.northottawawellnessfoundation.org\/wp-content\/uploads\/2017\/11\/NOWF-Fiber-Content-of-Foods.pdf\">https:\/\/www.northottawawellnessfoundation.org\/wp-content\/uploads\/2017\/11\/NOWF-Fiber-Content-of-Foods.pdf<\/a><\/li>\n<\/ul>\n<p>&nbsp;<\/p>\n<ul>\n<li style=\"text-align: justify;\">Poitras P. , et al. L\u2019appareil digestif: Des sciences fondamentales \u00e0 la clinique ( troisi\u00e8me \u00e9dition revue et augment\u00e9e). (2020). Les Presses de l\u2019Universit\u00e9 de Montr\u00e9al.<\/li>\n<\/ul>[\/et_pb_text][\/et_pb_column][\/et_pb_row][\/et_pb_section]\n","protected":false},"excerpt":{"rendered":"<p>Diverticulosis or diverticulitis? Can it be prevented? Should I limit certain foods? <\/p>","protected":false},"author":3,"featured_media":4406366,"comment_status":"closed","ping_status":"closed","sticky":false,"template":"","format":"standard","meta":{"_et_pb_use_builder":"on","_et_pb_old_content":"","_et_gb_content_width":"","wprm-recipe-roundup-name":"","wprm-recipe-roundup-description":"","footnotes":""},"categories":[24,1704],"tags":[496,495,494,497,498],"class_list":["post-4406333","post","type-post","status-publish","format-standard","has-post-thumbnail","hentry","category-blogue","category-sante-digestive","tag-diverticulite","tag-diverticulose","tag-diverticulose-ou-diverticulite","tag-graines-de-framboises","tag-graines-des-fruits"],"aioseo_notices":[],"_links":{"self":[{"href":"https:\/\/epithelia.ca\/en\/wp-json\/wp\/v2\/posts\/4406333","targetHints":{"allow":["GET"]}}],"collection":[{"href":"https:\/\/epithelia.ca\/en\/wp-json\/wp\/v2\/posts"}],"about":[{"href":"https:\/\/epithelia.ca\/en\/wp-json\/wp\/v2\/types\/post"}],"author":[{"embeddable":true,"href":"https:\/\/epithelia.ca\/en\/wp-json\/wp\/v2\/users\/3"}],"replies":[{"embeddable":true,"href":"https:\/\/epithelia.ca\/en\/wp-json\/wp\/v2\/comments?post=4406333"}],"version-history":[{"count":1,"href":"https:\/\/epithelia.ca\/en\/wp-json\/wp\/v2\/posts\/4406333\/revisions"}],"predecessor-version":[{"id":4409404,"href":"https:\/\/epithelia.ca\/en\/wp-json\/wp\/v2\/posts\/4406333\/revisions\/4409404"}],"wp:featuredmedia":[{"embeddable":true,"href":"https:\/\/epithelia.ca\/en\/wp-json\/wp\/v2\/media\/4406366"}],"wp:attachment":[{"href":"https:\/\/epithelia.ca\/en\/wp-json\/wp\/v2\/media?parent=4406333"}],"wp:term":[{"taxonomy":"category","embeddable":true,"href":"https:\/\/epithelia.ca\/en\/wp-json\/wp\/v2\/categories?post=4406333"},{"taxonomy":"post_tag","embeddable":true,"href":"https:\/\/epithelia.ca\/en\/wp-json\/wp\/v2\/tags?post=4406333"}],"curies":[{"name":"wp","href":"https:\/\/api.w.org\/{rel}","templated":true}]}}