{"id":4406495,"date":"2024-07-16T19:06:35","date_gmt":"2024-07-16T23:06:35","guid":{"rendered":"https:\/\/epithelia.ca\/?p=4406495"},"modified":"2024-10-16T10:12:00","modified_gmt":"2024-10-16T14:12:00","slug":"broccoli-and-gas-what-to-do","status":"publish","type":"post","link":"https:\/\/epithelia.ca\/en\/blogue\/brocoli-et-gaz-que-faire\/","title":{"rendered":"Broccoli and gas, what to do?"},"content":{"rendered":"\n[et_pb_section fb_built=\u00a0\u00bb1&Prime; theme_builder_area=\u00a0\u00bbpost_content\u00a0\u00bb _builder_version=\u00a0\u00bb4.26.0&Prime; _module_preset=\u00a0\u00bbdefault\u00a0\u00bb][et_pb_row _builder_version=\u00a0\u00bb4.26.0&Prime; _module_preset=\u00a0\u00bbdefault\u00a0\u00bb theme_builder_area=\u00a0\u00bbpost_content\u00a0\u00bb][et_pb_column _builder_version=\u00a0\u00bb4.26.0&Prime; _module_preset=\u00a0\u00bbdefault\u00a0\u00bb type=\u00a0\u00bb4_4&Prime; theme_builder_area=\u00a0\u00bbpost_content\u00a0\u00bb][et_pb_text _builder_version=\u00a0\u00bb4.26.0&Prime; _module_preset=\u00a0\u00bbdefault\u00a0\u00bb theme_builder_area=\u00a0\u00bbpost_content\u00a0\u00bb hover_enabled=\u00a0\u00bb0&Prime; sticky_enabled=\u00a0\u00bb0&Prime;]<p><span data-contrast=\"auto\">Le brocoli est un l\u00e9gume riche sur le plan nutritionnel et digestif. Riche en diverses vitamines, min\u00e9raux et antioxydants en plus d\u2019\u00eatre pr\u00e9biotique.\u00a0<\/span><span data-ccp-props=\"{&quot;201341983&quot;:0,&quot;335559740&quot;:276}\">\u00a0<\/span><\/p>\n<p><span data-contrast=\"auto\">C\u2019est notamment sa richesse en pr\u00e9biotiques qui le plus ou moins aim\u00e9 chez certains lors d\u2019inconforts digestifs\u2026<\/span><span data-ccp-props=\"{&quot;201341983&quot;:0,&quot;335559740&quot;:276}\">\u00a0<\/span><\/p>\n<p><span data-contrast=\"auto\">Vous aimez le brocoli, mais incapable de le dig\u00e9rer, car les gaz et ballonnements s\u2019invitent de la partie? Vous vous reconnaissez? Lisez ce qui suit pour en apprendre davantage.\u00a0\u00a0<\/span><span data-ccp-props=\"{&quot;201341983&quot;:0,&quot;335559740&quot;:276}\">\u00a0<\/span><\/p>[\/et_pb_text][\/et_pb_column][\/et_pb_row][et_pb_row _builder_version=\u00a0\u00bb4.26.0&Prime; _module_preset=\u00a0\u00bbdefault\u00a0\u00bb theme_builder_area=\u00a0\u00bbpost_content\u00a0\u00bb][et_pb_column _builder_version=\u00a0\u00bb4.26.0&Prime; _module_preset=\u00a0\u00bbdefault\u00a0\u00bb type=\u00a0\u00bb4_4&Prime; theme_builder_area=\u00a0\u00bbpost_content\u00a0\u00bb][et_pb_text _builder_version=\u00a0\u00bb4.26.0&Prime; _module_preset=\u00a0\u00bbdefault\u00a0\u00bb theme_builder_area=\u00a0\u00bbpost_content\u00a0\u00bb hover_enabled=\u00a0\u00bb0&Prime; sticky_enabled=\u00a0\u00bb0&Prime;]<h2><strong>Brocoli et bienfaits nutritionnels<\/strong><\/h2>\n<p>Ne vous m\u00e9prenez pas sur sa couleur verte ! Le brocoli est riche en <strong>vitamine C<\/strong> et donc, s\u2019av\u00e8re une excellente source d&rsquo;antioxydants ! Une tasse de brocoli comble, \u00e0 elle seule, 92 % des besoins quotidiens en vitamine C.<\/p>\n<p>La cuisson du brocoli fait \u00e9maner de dr\u00f4les d\u2019odeurs dans la cuisine ? Une odeur soufr\u00e9e ? En effet, le brocoli contient des <strong>compos\u00e9s organosoufr\u00e9s antioxydants<\/strong> (sulforaphanes). La cuisson active la lib\u00e9ration de ces compos\u00e9s soufr\u00e9s. Les sulforaphanes ont un effet potentiellement antioxydant, mais peuvent \u00e9galement \u00eatre une source d\u2019inconforts digestifs. Soyez \u00e0 l&rsquo;\u00e9coute de vos sympt\u00f4mes !<\/p>\n<p>Riche en fibres, le brocoli facilite le transit intestinal. Il affiche une teneur totale de 1,1 g de fibres par portion de 125 ml dont une r\u00e9partition sensiblement \u00e9gale en fibres solubles et insolubles.<\/p>\n<p>Pour en apprendre plus sur les fibres, consultez cet article de blogue :<\/p>[\/et_pb_text][\/et_pb_column][\/et_pb_row][et_pb_row _builder_version=\u00a0\u00bb4.26.0&Prime; _module_preset=\u00a0\u00bbdefault\u00a0\u00bb column_structure=\u00a0\u00bb1_2,1_2&Prime; theme_builder_area=\u00a0\u00bbpost_content\u00a0\u00bb][et_pb_column _builder_version=\u00a0\u00bb4.26.0&Prime; _module_preset=\u00a0\u00bbdefault\u00a0\u00bb type=\u00a0\u00bb1_2&Prime; theme_builder_area=\u00a0\u00bbpost_content\u00a0\u00bb][et_pb_button button_text=\u00a0\u00bbLes fibres au-del\u00e0 des fruits et l\u00e9gumes\u00a0\u00bb _builder_version=\u00a0\u00bb4.26.0&Prime; _module_preset=\u00a0\u00bbdefault\u00a0\u00bb theme_builder_area=\u00a0\u00bbpost_content\u00a0\u00bb button_url=\u00a0\u00bbhttps:\/\/epithelia.ca\/blogue\/les-fibres-au-dela-des-legumes-et-des-fruits\/\u00a0\u00bb custom_button=\u00a0\u00bbon\u00a0\u00bb button_text_color=\u00a0\u00bb#8247E3&Prime; button_bg_color=\u00a0\u00bb#BDE2D3&Prime; button_bg_enable_color=\u00a0\u00bbon\u00a0\u00bb hover_enabled=\u00a0\u00bb0&Prime; sticky_enabled=\u00a0\u00bb0&Prime;][\/et_pb_button][\/et_pb_column][et_pb_column _builder_version=\u00a0\u00bb4.26.0&Prime; _module_preset=\u00a0\u00bbdefault\u00a0\u00bb type=\u00a0\u00bb1_2&Prime; theme_builder_area=\u00a0\u00bbpost_content\u00a0\u00bb][et_pb_image src=\u00a0\u00bbhttps:\/\/epithelia.ca\/wp-content\/uploads\/2024\/07\/dwntwn-co-YircuCOf5hQ-unsplash-scaled.jpg\u00a0\u00bb _builder_version=\u00a0\u00bb4.26.0&Prime; _module_preset=\u00a0\u00bbdefault\u00a0\u00bb theme_builder_area=\u00a0\u00bbpost_content\u00a0\u00bb alt=\u00a0\u00bbBrocolis et gaz, que faire?\u00a0\u00bb title_text=\u00a0\u00bbBrocolis et gaz, que faire\u00a0\u00bb hover_enabled=\u00a0\u00bb0&Prime; sticky_enabled=\u00a0\u00bb0&Prime; width=\u00a0\u00bb75%\u00a0\u00bb][\/et_pb_image][\/et_pb_column][\/et_pb_row][et_pb_row _builder_version=\u00a0\u00bb4.26.0&Prime; _module_preset=\u00a0\u00bbdefault\u00a0\u00bb theme_builder_area=\u00a0\u00bbpost_content\u00a0\u00bb][et_pb_column _builder_version=\u00a0\u00bb4.26.0&Prime; _module_preset=\u00a0\u00bbdefault\u00a0\u00bb type=\u00a0\u00bb4_4&Prime; theme_builder_area=\u00a0\u00bbpost_content\u00a0\u00bb][et_pb_text _builder_version=\u00a0\u00bb4.26.0&Prime; _module_preset=\u00a0\u00bbdefault\u00a0\u00bb theme_builder_area=\u00a0\u00bbpost_content\u00a0\u00bb hover_enabled=\u00a0\u00bb0&Prime; sticky_enabled=\u00a0\u00bb0&Prime;]<p>En prime, ce l\u00e9gume crucif\u00e8re est aim\u00e9 par les bact\u00e9ries intestinales par sa richesse en <strong>fibres fermentescibles<\/strong>. Consid\u00e9r\u00e9es comme des <strong>pr\u00e9biotiques<\/strong>, ces fibres sont ferment\u00e9es par les bact\u00e9ries intestinales, lib\u00e9rant des m\u00e9tabolites b\u00e9n\u00e9fiques, mais \u00e9galement des gaz lors de leur digestion. On parle ici du fructose, un pr\u00e9biotique de la famille des FODMAP. Le fructose est un sucre simple et tr\u00e8s rapidement ferment\u00e9 par les bact\u00e9ries intestinales. D\u2019une part, la production d\u2019<strong><a href=\"https:\/\/epithelia.ca\/lexique-de-la-sante-intestinale\/\">acides gras \u00e0 cha\u00eene courte (AGCC<\/a><\/strong> est b\u00e9n\u00e9fique pour la sant\u00e9 digestive, mais d&rsquo;autre part, d\u00e9clenche des inconforts intestinaux chez certaines personnes sensibles \u00e0 ceux-ci.<\/p>[\/et_pb_text][\/et_pb_column][\/et_pb_row][et_pb_row _builder_version=\u00a0\u00bb4.26.0&Prime; _module_preset=\u00a0\u00bbdefault\u00a0\u00bb theme_builder_area=\u00a0\u00bbpost_content\u00a0\u00bb][et_pb_column _builder_version=\u00a0\u00bb4.26.0&Prime; _module_preset=\u00a0\u00bbdefault\u00a0\u00bb type=\u00a0\u00bb4_4&Prime; theme_builder_area=\u00a0\u00bbpost_content\u00a0\u00bb][et_pb_text _builder_version=\u00a0\u00bb4.26.0&Prime; _module_preset=\u00a0\u00bbdefault\u00a0\u00bb theme_builder_area=\u00a0\u00bbpost_content\u00a0\u00bb hover_enabled=\u00a0\u00bb0&Prime; sticky_enabled=\u00a0\u00bb0&Prime;]<h2><strong>Brocoli, quelle partie manger ?<\/strong><\/h2>\n<p>Pour celles et ceux sensibles au <a href=\"https:\/\/epithelia.ca\/lexique-de-la-sante-intestinale\/\">FODMAP<\/a>, privil\u00e9giez les t\u00eates de brocoli (les fleurons). Toutefois, restez vigilant, car au-del\u00e0 de 75 g de t\u00eates de brocoli et de 45 g de queue de brocoli, la fermentation des polyols est pr\u00e9sente et donc, produit des gaz d\u00e9sagr\u00e9ables.<\/p>\n<p>FODMAP\u2026 c\u2019est quoi ? Consultez l\u2019article de blogue sur le sujet pour en apprendre plus :<\/p>[\/et_pb_text][\/et_pb_column][\/et_pb_row][et_pb_row _builder_version=\u00a0\u00bb4.26.0&Prime; _module_preset=\u00a0\u00bbdefault\u00a0\u00bb theme_builder_area=\u00a0\u00bbpost_content\u00a0\u00bb][et_pb_column _builder_version=\u00a0\u00bb4.26.0&Prime; _module_preset=\u00a0\u00bbdefault\u00a0\u00bb type=\u00a0\u00bb4_4&Prime; theme_builder_area=\u00a0\u00bbpost_content\u00a0\u00bb][et_pb_button button_text=\u00a0\u00bbSyndrome de l&rsquo;intestin irritable (SII) et FODMAP\u00a0\u00bb _builder_version=\u00a0\u00bb4.26.0&Prime; _module_preset=\u00a0\u00bbdefault\u00a0\u00bb theme_builder_area=\u00a0\u00bbpost_content\u00a0\u00bb button_url=\u00a0\u00bbhttps:\/\/epithelia.ca\/blogue\/syndrome-de-lintestin-irritable-au-dela-des-fodmap-quelles-sont-les-differentes-pistes-dintervention\/\u00a0\u00bb custom_button=\u00a0\u00bbon\u00a0\u00bb button_text_color=\u00a0\u00bb#8247E3&Prime; button_bg_color=\u00a0\u00bb#BDE2D3&Prime; button_bg_enable_color=\u00a0\u00bbon\u00a0\u00bb button_alignment=\u00a0\u00bbcenter\u00a0\u00bb hover_enabled=\u00a0\u00bb0&Prime; sticky_enabled=\u00a0\u00bb0&Prime;][\/et_pb_button][\/et_pb_column][\/et_pb_row][et_pb_row _builder_version=\u00a0\u00bb4.26.0&Prime; _module_preset=\u00a0\u00bbdefault\u00a0\u00bb theme_builder_area=\u00a0\u00bbpost_content\u00a0\u00bb][et_pb_column _builder_version=\u00a0\u00bb4.26.0&Prime; _module_preset=\u00a0\u00bbdefault\u00a0\u00bb type=\u00a0\u00bb4_4&Prime; theme_builder_area=\u00a0\u00bbpost_content\u00a0\u00bb][et_pb_text _builder_version=\u00a0\u00bb4.26.0&Prime; _module_preset=\u00a0\u00bbdefault\u00a0\u00bb theme_builder_area=\u00a0\u00bbpost_content\u00a0\u00bb hover_enabled=\u00a0\u00bb0&Prime; sticky_enabled=\u00a0\u00bb0&Prime;]<p>Y a-t-il une fa\u00e7on de profiter de ce crucif\u00e8re sans pour autant souffrir de gaz et ballonnement ? Et oui ! Suivez le guide \ud83d\ude42<\/p>[\/et_pb_text][\/et_pb_column][\/et_pb_row][et_pb_row _builder_version=\u00a0\u00bb4.26.0&Prime; _module_preset=\u00a0\u00bbdefault\u00a0\u00bb theme_builder_area=\u00a0\u00bbpost_content\u00a0\u00bb][et_pb_column _builder_version=\u00a0\u00bb4.26.0&Prime; _module_preset=\u00a0\u00bbdefault\u00a0\u00bb type=\u00a0\u00bb4_4&Prime; theme_builder_area=\u00a0\u00bbpost_content\u00a0\u00bb][et_pb_text _builder_version=\u00a0\u00bb4.26.0&Prime; _module_preset=\u00a0\u00bbdefault\u00a0\u00bb theme_builder_area=\u00a0\u00bbpost_content\u00a0\u00bb hover_enabled=\u00a0\u00bb0&Prime; sticky_enabled=\u00a0\u00bb0&Prime;]<h2><strong>Comment \u00e9viter l\u2019aspect gazog\u00e8ne du brocoli ?<\/strong><\/h2>\n<ul>\n<li>Privil\u00e9giez les t\u00eates (fleurons) qui contiennent moins de FODMAP.<\/li>\n<li>Faites-le blanchir, ce qui permet de d\u00e9grader ses fibres et r\u00e9duire son effet gazog\u00e8ne.<\/li>\n<li>Broyez-le (potage, pur\u00e9e) pour d\u00e9grader ses fibres et le rendre plus digeste.<\/li>\n<\/ul>\n<p>Puis, allez-y \u00e9tape par \u00e9tape :<\/p>\n<ul>\n<li>Brocolis en potage : consistance tr\u00e8s lisse<\/li>\n<li>Brocolis en pur\u00e9e : pur\u00e9e de brocoli, patates pil\u00e9es avec du brocoli<\/li>\n<li>Brocolis cuits \u00e0 la vapeur<\/li>\n<li>Brocolis saut\u00e9s \/ grill\u00e9s ou brocolis au \u201cair-fryer\u201d<\/li>\n<li>Brocolis sans cuisson (crus) accompagn\u00e9s d&rsquo;une trempette du style yogourt-citron, car l&rsquo;acidit\u00e9 favorise sa digestion<\/li>\n<\/ul>\n<h3><strong>Respectez votre tol\u00e9rance<\/strong><\/h3>\n<p>La tol\u00e9rance est diff\u00e9rente pour chaque personne aux crucif\u00e8res. Soyez \u00e0 l&rsquo;\u00e9coute de vos sympt\u00f4mes, prenez des notes et adaptez votre consommation. Limitez la combinaison de plusieurs aliments fermentescibles lors d&rsquo;un m\u00eame repas est aussi aidant.<\/p>\n<h3><strong>Ballonnements persistants, que faire ?<\/strong><\/h3>\n<p>Brocoli ou pas brocoli, les gaz, ballonnements et autres inconforts vous font la vie dure ? Prenez un petit moment pour lire l\u2019article de blogue <strong><a href=\"https:\/\/epithelia.ca\/blogue\/astuces-101-pour-soulager-les-ballonnements\/\">Astuces 101 pour soulager les ballonnements<\/a><\/strong> \u00a0pour quelques trucs et astuces pour aider \u00e0 soulager vos sympt\u00f4mes.<\/p>\n<p>Il est possible de vivre une vie sans \u00eatre constamment g\u00ean\u00e9 sur le plan digestif. Prenez-vous rendez-vous avec une nutritionniste de l\u2019\u00e9quipe !<\/p>[\/et_pb_text][\/et_pb_column][\/et_pb_row][et_pb_row _builder_version=\u00a0\u00bb4.26.0&Prime; _module_preset=\u00a0\u00bbdefault\u00a0\u00bb theme_builder_area=\u00a0\u00bbpost_content\u00a0\u00bb column_structure=\u00a0\u00bb1_2,1_2&Prime;][et_pb_column _builder_version=\u00a0\u00bb4.26.0&Prime; _module_preset=\u00a0\u00bbdefault\u00a0\u00bb type=\u00a0\u00bb1_2&Prime; theme_builder_area=\u00a0\u00bbpost_content\u00a0\u00bb][et_pb_button button_text=\u00a0\u00bbPour \u00eatre bien accompagn\u00e9\u00a0\u00bb _builder_version=\u00a0\u00bb4.26.0&Prime; _module_preset=\u00a0\u00bbdefault\u00a0\u00bb theme_builder_area=\u00a0\u00bbpost_content\u00a0\u00bb button_url=\u00a0\u00bb https:\/\/epithelia.ca\/consultations\/\u00a0\u00bb custom_button=\u00a0\u00bbon\u00a0\u00bb button_text_color=\u00a0\u00bb#8247E3&Prime; button_bg_color=\u00a0\u00bb#BDE2D3&Prime; button_bg_enable_color=\u00a0\u00bbon\u00a0\u00bb hover_enabled=\u00a0\u00bb0&Prime; sticky_enabled=\u00a0\u00bb0&Prime;][\/et_pb_button][\/et_pb_column][et_pb_column _builder_version=\u00a0\u00bb4.26.0&Prime; _module_preset=\u00a0\u00bbdefault\u00a0\u00bb type=\u00a0\u00bb1_2&Prime; theme_builder_area=\u00a0\u00bbpost_content\u00a0\u00bb][et_pb_button button_text=\u00a0\u00bbEn apprendre de fa\u00e7on autodidacte sur son corps et ses sympt\u00f4mes \u00a0\u00bb _builder_version=\u00a0\u00bb4.26.0&Prime; _module_preset=\u00a0\u00bbdefault\u00a0\u00bb theme_builder_area=\u00a0\u00bbpost_content\u00a0\u00bb button_url=\u00a0\u00bbhttps:\/\/epithelia.ca\/produit\/a-la-recherche-du-caca-parfait\/\u00a0\u00bb custom_button=\u00a0\u00bbon\u00a0\u00bb button_text_color=\u00a0\u00bb#8247E3&Prime; button_bg_color=\u00a0\u00bb#BDE2D3&Prime; button_bg_enable_color=\u00a0\u00bbon\u00a0\u00bb hover_enabled=\u00a0\u00bb0&Prime; sticky_enabled=\u00a0\u00bb0&Prime;][\/et_pb_button][\/et_pb_column][\/et_pb_row][et_pb_row _builder_version=\u00a0\u00bb4.26.0&Prime; _module_preset=\u00a0\u00bbdefault\u00a0\u00bb theme_builder_area=\u00a0\u00bbpost_content\u00a0\u00bb][et_pb_column _builder_version=\u00a0\u00bb4.26.0&Prime; _module_preset=\u00a0\u00bbdefault\u00a0\u00bb type=\u00a0\u00bb4_4&Prime; theme_builder_area=\u00a0\u00bbpost_content\u00a0\u00bb][et_pb_image src=\u00a0\u00bbhttps:\/\/epithelia.ca\/wp-content\/uploads\/2024\/07\/broccoli-1792236_1280.jpg\u00a0\u00bb _builder_version=\u00a0\u00bb4.26.0&Prime; _module_preset=\u00a0\u00bbdefault\u00a0\u00bb theme_builder_area=\u00a0\u00bbpost_content\u00a0\u00bb alt=\u00a0\u00bbBrocolis et gaz\nAstuces pour soulager les inconforts et recettes pour cuisiner le brocoli\u00a0\u00bb title_text=\u00a0\u00bbBrocolis et gaz Astuces pour soulager les inconforts et recettes pour cuisiner le brocoli\u00a0\u00bb max_width=\u00a0\u00bb72%\u00a0\u00bb width=\u00a0\u00bb100%\u00a0\u00bb module_alignment=\u00a0\u00bbcenter\u00a0\u00bb hover_enabled=\u00a0\u00bb0&Prime; sticky_enabled=\u00a0\u00bb0&Prime;][\/et_pb_image][\/et_pb_column][\/et_pb_row][et_pb_row _builder_version=\u00a0\u00bb4.26.0&Prime; _module_preset=\u00a0\u00bbdefault\u00a0\u00bb theme_builder_area=\u00a0\u00bbpost_content\u00a0\u00bb][et_pb_column _builder_version=\u00a0\u00bb4.26.0&Prime; _module_preset=\u00a0\u00bbdefault\u00a0\u00bb type=\u00a0\u00bb4_4&Prime; theme_builder_area=\u00a0\u00bbpost_content\u00a0\u00bb][et_pb_text _builder_version=\u00a0\u00bb4.26.0&Prime; _module_preset=\u00a0\u00bbdefault\u00a0\u00bb theme_builder_area=\u00a0\u00bbpost_content\u00a0\u00bb hover_enabled=\u00a0\u00bb0&Prime; sticky_enabled=\u00a0\u00bb0&Prime;]<h2><strong>Comment cuisiner le brocoli ?<\/strong><\/h2>\n<p>Jetez un coup d&rsquo;\u0153il \u00e0 ces recettes mettant en valeur ce crucif\u00e8re :<\/p>[\/et_pb_text][\/et_pb_column][\/et_pb_row][et_pb_row _builder_version=\u00a0\u00bb4.26.0&Prime; _module_preset=\u00a0\u00bbdefault\u00a0\u00bb column_structure=\u00a0\u00bb1_2,1_2&Prime; theme_builder_area=\u00a0\u00bbpost_content\u00a0\u00bb background_color=\u00a0\u00bb#BDE2D3&Prime; hover_enabled=\u00a0\u00bb0&Prime; sticky_enabled=\u00a0\u00bb0&Prime;][et_pb_column _builder_version=\u00a0\u00bb4.26.0&Prime; _module_preset=\u00a0\u00bbdefault\u00a0\u00bb type=\u00a0\u00bb1_2&Prime; theme_builder_area=\u00a0\u00bbpost_content\u00a0\u00bb][et_pb_button button_text=\u00a0\u00bbPotage repas aux brocolis\u00a0\u00bb _builder_version=\u00a0\u00bb4.26.0&Prime; _module_preset=\u00a0\u00bbdefault\u00a0\u00bb theme_builder_area=\u00a0\u00bbpost_content\u00a0\u00bb button_url=\u00a0\u00bbhttps:\/\/epithelia.ca\/recettes\/repas\/potage-repas-au-brocoli\/\u00a0\u00bb custom_button=\u00a0\u00bbon\u00a0\u00bb button_text_color=\u00a0\u00bb#BDE2D3&Prime; button_bg_color=\u00a0\u00bb#8247E3&Prime; button_bg_enable_color=\u00a0\u00bbon\u00a0\u00bb hover_enabled=\u00a0\u00bb0&Prime; sticky_enabled=\u00a0\u00bb0&Prime;][\/et_pb_button][\/et_pb_column][et_pb_column _builder_version=\u00a0\u00bb4.26.0&Prime; _module_preset=\u00a0\u00bbdefault\u00a0\u00bb type=\u00a0\u00bb1_2&Prime; theme_builder_area=\u00a0\u00bbpost_content\u00a0\u00bb][et_pb_image src=\u00a0\u00bbhttps:\/\/epithelia.ca\/wp-content\/uploads\/2022\/11\/Potage-repas-brocoli.jpg\u00a0\u00bb _builder_version=\u00a0\u00bb4.26.0&Prime; _module_preset=\u00a0\u00bbdefault\u00a0\u00bb theme_builder_area=\u00a0\u00bbpost_content\u00a0\u00bb alt=\u00a0\u00bbPotage repas aux brocolis\u00a0\u00bb title_text=\u00a0\u00bbPotage repas aux brocolis\u00a0\u00bb width=\u00a0\u00bb50%\u00a0\u00bb max_width=\u00a0\u00bb50%\u00a0\u00bb hover_enabled=\u00a0\u00bb0&Prime; sticky_enabled=\u00a0\u00bb0&Prime;][\/et_pb_image][\/et_pb_column][\/et_pb_row][et_pb_row _builder_version=\u00a0\u00bb4.26.0&Prime; _module_preset=\u00a0\u00bbdefault\u00a0\u00bb column_structure=\u00a0\u00bb1_2,1_2&Prime; theme_builder_area=\u00a0\u00bbpost_content\u00a0\u00bb background_color=\u00a0\u00bb#BDE2D3&Prime; hover_enabled=\u00a0\u00bb0&Prime; sticky_enabled=\u00a0\u00bb0&Prime;][et_pb_column _builder_version=\u00a0\u00bb4.26.0&Prime; _module_preset=\u00a0\u00bbdefault\u00a0\u00bb type=\u00a0\u00bb1_2&Prime; theme_builder_area=\u00a0\u00bbpost_content\u00a0\u00bb][et_pb_button button_text=\u00a0\u00bbSaut\u00e9 de crevettes aux p\u00e9toncles et agrumes\u00a0\u00bb _builder_version=\u00a0\u00bb4.26.0&Prime; _module_preset=\u00a0\u00bbdefault\u00a0\u00bb theme_builder_area=\u00a0\u00bbpost_content\u00a0\u00bb button_url=\u00a0\u00bbhttps:\/\/epithelia.ca\/recettes\/faible-en-fodmap\/saute-de-crevettes-et-petoncles-aux-agrumes\/\u00a0\u00bb custom_button=\u00a0\u00bbon\u00a0\u00bb button_text_color=\u00a0\u00bb#BDE2D3&Prime; button_bg_color=\u00a0\u00bb#8247E3&Prime; button_bg_enable_color=\u00a0\u00bbon\u00a0\u00bb hover_enabled=\u00a0\u00bb0&Prime; sticky_enabled=\u00a0\u00bb0&Prime;][\/et_pb_button][\/et_pb_column][et_pb_column _builder_version=\u00a0\u00bb4.26.0&Prime; _module_preset=\u00a0\u00bbdefault\u00a0\u00bb type=\u00a0\u00bb1_2&Prime; theme_builder_area=\u00a0\u00bbpost_content\u00a0\u00bb][et_pb_image src=\u00a0\u00bbhttps:\/\/epithelia.ca\/wp-content\/uploads\/2021\/11\/Saute-de-crevettes-et-petoncles-aux-agrumes-scaled-e1621436252287.jpg\u00a0\u00bb _builder_version=\u00a0\u00bb4.26.0&Prime; _module_preset=\u00a0\u00bbdefault\u00a0\u00bb theme_builder_area=\u00a0\u00bbpost_content\u00a0\u00bb alt=\u00a0\u00bbSaut\u00e9 de crevettes aux p\u00e9toncles et agrumes\u00a0\u00bb title_text=\u00a0\u00bbSaute-de-crevettes-et-petoncles-aux-agrumes-scaled-e1621436252287&Prime; width=\u00a0\u00bb50%\u00a0\u00bb max_width=\u00a0\u00bb50%\u00a0\u00bb hover_enabled=\u00a0\u00bb0&Prime; sticky_enabled=\u00a0\u00bb0&Prime;][\/et_pb_image][\/et_pb_column][\/et_pb_row][et_pb_row _builder_version=\u00a0\u00bb4.26.0&Prime; _module_preset=\u00a0\u00bbdefault\u00a0\u00bb column_structure=\u00a0\u00bb1_2,1_2&Prime; theme_builder_area=\u00a0\u00bbpost_content\u00a0\u00bb background_color=\u00a0\u00bb#BDE2D3&Prime; hover_enabled=\u00a0\u00bb0&Prime; sticky_enabled=\u00a0\u00bb0&Prime;][et_pb_column _builder_version=\u00a0\u00bb4.26.0&Prime; _module_preset=\u00a0\u00bbdefault\u00a0\u00bb type=\u00a0\u00bb1_2&Prime; theme_builder_area=\u00a0\u00bbpost_content\u00a0\u00bb][et_pb_button button_text=\u00a0\u00bbSaut\u00e9 de l\u00e9gumes et tofu\u00a0\u00bb _builder_version=\u00a0\u00bb4.26.0&Prime; _module_preset=\u00a0\u00bbdefault\u00a0\u00bb theme_builder_area=\u00a0\u00bbpost_content\u00a0\u00bb button_url=\u00a0\u00bbhttps:\/\/epithelia.ca\/recettes\/repas\/saute-de-legumes-et-tofu\/\u00a0\u00bb custom_button=\u00a0\u00bbon\u00a0\u00bb button_text_color=\u00a0\u00bb#BDE2D3&Prime; button_bg_color=\u00a0\u00bb#8247E3&Prime; button_bg_enable_color=\u00a0\u00bbon\u00a0\u00bb hover_enabled=\u00a0\u00bb0&Prime; sticky_enabled=\u00a0\u00bb0&Prime;][\/et_pb_button][\/et_pb_column][et_pb_column _builder_version=\u00a0\u00bb4.26.0&Prime; _module_preset=\u00a0\u00bbdefault\u00a0\u00bb type=\u00a0\u00bb1_2&Prime; theme_builder_area=\u00a0\u00bbpost_content\u00a0\u00bb][et_pb_image src=\u00a0\u00bbhttps:\/\/epithelia.ca\/wp-content\/uploads\/2024\/07\/186528899_316205026783441_8409531261773955784_n-e1623882854997.webp\u00a0\u00bb _builder_version=\u00a0\u00bb4.26.0&Prime; _module_preset=\u00a0\u00bbdefault\u00a0\u00bb theme_builder_area=\u00a0\u00bbpost_content\u00a0\u00bb alt=\u00a0\u00bbSaut\u00e9 de l\u00e9gumes et tofu\u00a0\u00bb title_text=\u00a0\u00bbSaut\u00e9 de l\u00e9gumes et tofu\u00a0\u00bb hover_enabled=\u00a0\u00bb0&Prime; sticky_enabled=\u00a0\u00bb0&Prime; width=\u00a0\u00bb50%\u00a0\u00bb max_width=\u00a0\u00bb50%\u00a0\u00bb][\/et_pb_image][\/et_pb_column][\/et_pb_row][et_pb_row _builder_version=\u00a0\u00bb4.26.0&Prime; _module_preset=\u00a0\u00bbdefault\u00a0\u00bb column_structure=\u00a0\u00bb1_2,1_2&Prime; theme_builder_area=\u00a0\u00bbpost_content\u00a0\u00bb background_color=\u00a0\u00bb#BDE2D3&Prime; hover_enabled=\u00a0\u00bb0&Prime; sticky_enabled=\u00a0\u00bb0&Prime;][et_pb_column _builder_version=\u00a0\u00bb4.26.0&Prime; _module_preset=\u00a0\u00bbdefault\u00a0\u00bb type=\u00a0\u00bb1_2&Prime; theme_builder_area=\u00a0\u00bbpost_content\u00a0\u00bb][et_pb_button button_text=\u00a0\u00bbBol repas au tofu, patate douce et grenade\u00a0\u00bb _builder_version=\u00a0\u00bb4.26.0&Prime; _module_preset=\u00a0\u00bbdefault\u00a0\u00bb theme_builder_area=\u00a0\u00bbpost_content\u00a0\u00bb button_url=\u00a0\u00bbhttps:\/\/epithelia.ca\/recettes\/repas\/bol-repas-au-tofu-patate-douce-et-grenade\/\u00a0\u00bb custom_button=\u00a0\u00bbon\u00a0\u00bb button_text_color=\u00a0\u00bb#BDE2D3&Prime; button_bg_color=\u00a0\u00bb#8247E3&Prime; button_bg_enable_color=\u00a0\u00bbon\u00a0\u00bb hover_enabled=\u00a0\u00bb0&Prime; sticky_enabled=\u00a0\u00bb0&Prime;][\/et_pb_button][\/et_pb_column][et_pb_column _builder_version=\u00a0\u00bb4.26.0&Prime; _module_preset=\u00a0\u00bbdefault\u00a0\u00bb type=\u00a0\u00bb1_2&Prime; theme_builder_area=\u00a0\u00bbpost_content\u00a0\u00bb][et_pb_image src=\u00a0\u00bbhttps:\/\/epithelia.ca\/wp-content\/uploads\/2024\/07\/hl-5464707978-e1660250103707.webp\u00a0\u00bb _builder_version=\u00a0\u00bb4.26.0&Prime; _module_preset=\u00a0\u00bbdefault\u00a0\u00bb theme_builder_area=\u00a0\u00bbpost_content\u00a0\u00bb alt=\u00a0\u00bbBol repas au tofu, patate douce et grenade\u00a0\u00bb title_text=\u00a0\u00bbBol repas au tofu, patate douce et grenade\u00a0\u00bb width=\u00a0\u00bb50%\u00a0\u00bb max_width=\u00a0\u00bb50%\u00a0\u00bb hover_enabled=\u00a0\u00bb0&Prime; sticky_enabled=\u00a0\u00bb0&Prime;][\/et_pb_image][\/et_pb_column][\/et_pb_row][et_pb_row _builder_version=\u00a0\u00bb4.26.0&Prime; _module_preset=\u00a0\u00bbdefault\u00a0\u00bb column_structure=\u00a0\u00bb1_2,1_2&Prime; theme_builder_area=\u00a0\u00bbpost_content\u00a0\u00bb background_color=\u00a0\u00bb#BDE2D3&Prime; hover_enabled=\u00a0\u00bb0&Prime; sticky_enabled=\u00a0\u00bb0&Prime;][et_pb_column _builder_version=\u00a0\u00bb4.26.0&Prime; _module_preset=\u00a0\u00bbdefault\u00a0\u00bb type=\u00a0\u00bb1_2&Prime; theme_builder_area=\u00a0\u00bbpost_content\u00a0\u00bb][et_pb_button button_text=\u00a0\u00bbPlaque de poulet BBQ et \u00e9rable \u00a0\u00bb _builder_version=\u00a0\u00bb4.26.0&Prime; _module_preset=\u00a0\u00bbdefault\u00a0\u00bb theme_builder_area=\u00a0\u00bbpost_content\u00a0\u00bb button_url=\u00a0\u00bbhttps:\/\/epithelia.ca\/recettes\/repas\/plaque-de-poulet-bbq-et-erable\/\u00a0\u00bb custom_button=\u00a0\u00bbon\u00a0\u00bb button_text_color=\u00a0\u00bb#BDE2D3&Prime; button_bg_color=\u00a0\u00bb#8247E3&Prime; button_bg_enable_color=\u00a0\u00bbon\u00a0\u00bb hover_enabled=\u00a0\u00bb0&Prime; sticky_enabled=\u00a0\u00bb0&Prime;][\/et_pb_button][\/et_pb_column][et_pb_column _builder_version=\u00a0\u00bb4.26.0&Prime; _module_preset=\u00a0\u00bbdefault\u00a0\u00bb type=\u00a0\u00bb1_2&Prime; theme_builder_area=\u00a0\u00bbpost_content\u00a0\u00bb][et_pb_image src=\u00a0\u00bbhttps:\/\/epithelia.ca\/wp-content\/uploads\/2023\/06\/AM-Plaque-poulet-2-sur-1-scaled-e1687113288476.jpg\u00a0\u00bb _builder_version=\u00a0\u00bb4.26.0&Prime; _module_preset=\u00a0\u00bbdefault\u00a0\u00bb theme_builder_area=\u00a0\u00bbpost_content\u00a0\u00bb alt=\u00a0\u00bbRepas sur la plaque de poulet BBQ \u00e0 l&rsquo;\u00e9rable, l\u00e9gumes et riz\u00a0\u00bb title_text=\u00a0\u00bbPlaque poulet BBQ \u00e9rable\u00a0\u00bb width=\u00a0\u00bb50%\u00a0\u00bb max_width=\u00a0\u00bb50%\u00a0\u00bb hover_enabled=\u00a0\u00bb0&Prime; sticky_enabled=\u00a0\u00bb0&Prime;][\/et_pb_image][\/et_pb_column][\/et_pb_row][et_pb_row _builder_version=\u00a0\u00bb4.26.0&Prime; _module_preset=\u00a0\u00bbdefault\u00a0\u00bb column_structure=\u00a0\u00bb1_2,1_2&Prime; theme_builder_area=\u00a0\u00bbpost_content\u00a0\u00bb background_color=\u00a0\u00bb#BDE2D3&Prime; hover_enabled=\u00a0\u00bb0&Prime; sticky_enabled=\u00a0\u00bb0&Prime;][et_pb_column _builder_version=\u00a0\u00bb4.26.0&Prime; _module_preset=\u00a0\u00bbdefault\u00a0\u00bb type=\u00a0\u00bb1_2&Prime; theme_builder_area=\u00a0\u00bbpost_content\u00a0\u00bb][et_pb_button button_text=\u00a0\u00bbBol de tofu croquant au gingembre\u00a0\u00bb _builder_version=\u00a0\u00bb4.26.0&Prime; _module_preset=\u00a0\u00bbdefault\u00a0\u00bb theme_builder_area=\u00a0\u00bbpost_content\u00a0\u00bb button_url=\u00a0\u00bbhttps:\/\/epithelia.ca\/recettes\/faible-en-fodmap\/bol-de-tofu-croquant-au-gingembre\/\u00a0\u00bb custom_button=\u00a0\u00bbon\u00a0\u00bb button_text_color=\u00a0\u00bb#BDE2D3&Prime; button_bg_color=\u00a0\u00bb#8247E3&Prime; button_bg_enable_color=\u00a0\u00bbon\u00a0\u00bb hover_enabled=\u00a0\u00bb0&Prime; sticky_enabled=\u00a0\u00bb0&Prime;][\/et_pb_button][\/et_pb_column][et_pb_column _builder_version=\u00a0\u00bb4.26.0&Prime; _module_preset=\u00a0\u00bbdefault\u00a0\u00bb type=\u00a0\u00bb1_2&Prime; theme_builder_area=\u00a0\u00bbpost_content\u00a0\u00bb][et_pb_image src=\u00a0\u00bbhttps:\/\/epithelia.ca\/wp-content\/uploads\/2021\/11\/Bol-de-tofu-scaled-e1622488316875.jpg\u00a0\u00bb _builder_version=\u00a0\u00bb4.26.0&Prime; _module_preset=\u00a0\u00bbdefault\u00a0\u00bb theme_builder_area=\u00a0\u00bbpost_content\u00a0\u00bb alt=\u00a0\u00bbBol de tofu croquant au gingembre\u00a0\u00bb title_text=\u00a0\u00bbBol de tofu croquant au gingembre\u00a0\u00bb width=\u00a0\u00bb50%\u00a0\u00bb max_width=\u00a0\u00bb50%\u00a0\u00bb hover_enabled=\u00a0\u00bb0&Prime; sticky_enabled=\u00a0\u00bb0&Prime;][\/et_pb_image][\/et_pb_column][\/et_pb_row][et_pb_row _builder_version=\u00a0\u00bb4.26.0&Prime; _module_preset=\u00a0\u00bbdefault\u00a0\u00bb column_structure=\u00a0\u00bb1_2,1_2&Prime; theme_builder_area=\u00a0\u00bbpost_content\u00a0\u00bb background_color=\u00a0\u00bb#BDE2D3&Prime; hover_enabled=\u00a0\u00bb0&Prime; sticky_enabled=\u00a0\u00bb0&Prime;][et_pb_column _builder_version=\u00a0\u00bb4.26.0&Prime; _module_preset=\u00a0\u00bbdefault\u00a0\u00bb type=\u00a0\u00bb1_2&Prime; theme_builder_area=\u00a0\u00bbpost_content\u00a0\u00bb][et_pb_button button_text=\u00a0\u00bbBouillon de l\u00e9gumes maison\u00a0\u00bb _builder_version=\u00a0\u00bb4.26.0&Prime; _module_preset=\u00a0\u00bbdefault\u00a0\u00bb theme_builder_area=\u00a0\u00bbpost_content\u00a0\u00bb button_url=\u00a0\u00bbhttps:\/\/epithelia.ca\/recettes\/recette-vegetarienne\/bouillon-de-legumes-maison\/\u00a0\u00bb custom_button=\u00a0\u00bbon\u00a0\u00bb button_text_color=\u00a0\u00bb#BDE2D3&Prime; button_bg_color=\u00a0\u00bb#8247E3&Prime; button_bg_enable_color=\u00a0\u00bbon\u00a0\u00bb hover_enabled=\u00a0\u00bb0&Prime; sticky_enabled=\u00a0\u00bb0&Prime;][\/et_pb_button][\/et_pb_column][et_pb_column _builder_version=\u00a0\u00bb4.26.0&Prime; _module_preset=\u00a0\u00bbdefault\u00a0\u00bb type=\u00a0\u00bb1_2&Prime; theme_builder_area=\u00a0\u00bbpost_content\u00a0\u00bb][et_pb_image src=\u00a0\u00bbhttps:\/\/epithelia.ca\/wp-content\/uploads\/2024\/07\/bluebird-provisions-CjmlUpo3eAw-unsplash-scaled-1.webp\u00a0\u00bb _builder_version=\u00a0\u00bb4.26.0&Prime; _module_preset=\u00a0\u00bbdefault\u00a0\u00bb theme_builder_area=\u00a0\u00bbpost_content\u00a0\u00bb alt=\u00a0\u00bbBouillon de l\u00e9gumes maison\u00a0\u00bb title_text=\u00a0\u00bbBouillon de l\u00e9gumes maison\u00a0\u00bb width=\u00a0\u00bb50%\u00a0\u00bb max_width=\u00a0\u00bb50%\u00a0\u00bb hover_enabled=\u00a0\u00bb0&Prime; sticky_enabled=\u00a0\u00bb0&Prime;][\/et_pb_image][\/et_pb_column][\/et_pb_row][et_pb_row _builder_version=\u00a0\u00bb4.26.0&Prime; _module_preset=\u00a0\u00bbdefault\u00a0\u00bb theme_builder_area=\u00a0\u00bbpost_content\u00a0\u00bb hover_enabled=\u00a0\u00bb0&Prime; sticky_enabled=\u00a0\u00bb0&Prime;][et_pb_column _builder_version=\u00a0\u00bb4.26.0&Prime; _module_preset=\u00a0\u00bbdefault\u00a0\u00bb type=\u00a0\u00bb4_4&Prime; theme_builder_area=\u00a0\u00bbpost_content\u00a0\u00bb][et_pb_text _builder_version=\u00a0\u00bb4.26.0&Prime; _module_preset=\u00a0\u00bbdefault\u00a0\u00bb theme_builder_area=\u00a0\u00bbpost_content\u00a0\u00bb hover_enabled=\u00a0\u00bb0&Prime; sticky_enabled=\u00a0\u00bb0&Prime;]<p><strong><\/strong><\/p>\n<p><strong>R\u00e9f\u00e9rences :<\/strong><\/p>\n<ol>\n<li style=\"text-align: justify;\"><a rel=\"noreferrer noopener\" target=\"_new\" href=\"https:\/\/www.jaimefruitsetlegumes.ca\/fr\/aliments\/brocoli\/#:~:text=Portion%20et%20valeur%20nutritive&amp;text=De%20nombreuses%20%C3%A9tudes%20scientifiques%20indiquent,concernant%20le%20cancer%20colo%2Drectal\">https:\/\/www.jaimefruitsetlegumes.ca\/fr\/aliments\/brocoli\/#:~:text=Portion%20et%20valeur%20nutritive&amp;text=De%20nombreuses%20%C3%A9tudes%20scientifiques%20indiquent,concernant%20le%20cancer%20colo%2Drectal<\/a>.<\/li>\n<li style=\"text-align: justify;\">B\u00e9langer, M., LeBlanc, M. (2021). <em>La Nutrition : 5e \u00e9dition<\/em>. \u00c9dition Cheneli\u00e8re \u00c9ducation.<\/li>\n<li style=\"text-align: justify;\"><a rel=\"noreferrer noopener\" target=\"_new\" href=\"https:\/\/aliments-nutrition.canada.ca\/cnf-fce\/report-rapport\">https:\/\/aliments-nutrition.canada.ca\/cnf-fce\/report-rapport<\/a><\/li>\n<li style=\"text-align: justify;\">North Ottawa Wellness Foundation. (n.d.). Soluble &amp; Insoluble Fiber Foods List. <a rel=\"noreferrer noopener\" target=\"_new\" href=\"https:\/\/www.northottawawellnessfoundation.org\/wp-content\/uploads\/2017\/11\/NOWF-Fiber-Content-of-Foods.pdf\">https:\/\/www.northottawawellnessfoundation.org\/wp-content\/uploads\/2017\/11\/NOWF-Fiber-Content-of-Foods.pdf<\/a><\/li>\n<li style=\"text-align: justify;\">O\u2019Grady J, O\u2019Connor EM, Shanahan F. (2019). Review article: dietary fibre in the era of microbiome science. Aliment Pharmacol Ther, 49:506\u2013515. <a rel=\"noreferrer noopener\" target=\"_new\" href=\"https:\/\/doi.org\/10.1111\/apt.15129\">https:\/\/doi.org\/10.1111\/apt.15129<\/a>.<\/li>\n<li style=\"text-align: justify;\">Monash University. Low FODMAP diet: Discover the Monash University Low FODMAP Diet and manage your IBS symptoms. (En ligne). <a rel=\"noreferrer noopener\" target=\"_new\" href=\"https:\/\/www.monashfodmap.com\/\">https:\/\/www.monashfodmap.com\/<\/a>.<\/li>\n<\/ol>[\/et_pb_text][\/et_pb_column][\/et_pb_row][\/et_pb_section]\n","protected":false},"excerpt":{"rendered":"<p>Le brocoli est un l\u00e9gume riche sur le plan nutritionnel et digestif. Riche en diverses vitamines, min\u00e9raux et antioxydants en plus d\u2019\u00eatre pr\u00e9biotique.\u00a0\u00a0 C\u2019est notamment sa richesse en pr\u00e9biotiques qui le plus ou moins aim\u00e9 chez certains lors d\u2019inconforts digestifs\u2026\u00a0 Vous aimez le brocoli, mais incapable de le dig\u00e9rer, car les gaz et ballonnements s\u2019invitent [&hellip;]<\/p>\n","protected":false},"author":3,"featured_media":4406496,"comment_status":"closed","ping_status":"closed","sticky":false,"template":"","format":"standard","meta":{"_et_pb_use_builder":"on","_et_pb_old_content":"","_et_gb_content_width":"","wprm-recipe-roundup-name":"","wprm-recipe-roundup-description":"","footnotes":""},"categories":[24,1705,1704],"tags":[],"class_list":["post-4406495","post","type-post","status-publish","format-standard","has-post-thumbnail","hentry","category-blogue","category-fodmap","category-sante-digestive"],"aioseo_notices":[],"_links":{"self":[{"href":"https:\/\/epithelia.ca\/en\/wp-json\/wp\/v2\/posts\/4406495","targetHints":{"allow":["GET"]}}],"collection":[{"href":"https:\/\/epithelia.ca\/en\/wp-json\/wp\/v2\/posts"}],"about":[{"href":"https:\/\/epithelia.ca\/en\/wp-json\/wp\/v2\/types\/post"}],"author":[{"embeddable":true,"href":"https:\/\/epithelia.ca\/en\/wp-json\/wp\/v2\/users\/3"}],"replies":[{"embeddable":true,"href":"https:\/\/epithelia.ca\/en\/wp-json\/wp\/v2\/comments?post=4406495"}],"version-history":[{"count":1,"href":"https:\/\/epithelia.ca\/en\/wp-json\/wp\/v2\/posts\/4406495\/revisions"}],"predecessor-version":[{"id":4409379,"href":"https:\/\/epithelia.ca\/en\/wp-json\/wp\/v2\/posts\/4406495\/revisions\/4409379"}],"wp:featuredmedia":[{"embeddable":true,"href":"https:\/\/epithelia.ca\/en\/wp-json\/wp\/v2\/media\/4406496"}],"wp:attachment":[{"href":"https:\/\/epithelia.ca\/en\/wp-json\/wp\/v2\/media?parent=4406495"}],"wp:term":[{"taxonomy":"category","embeddable":true,"href":"https:\/\/epithelia.ca\/en\/wp-json\/wp\/v2\/categories?post=4406495"},{"taxonomy":"post_tag","embeddable":true,"href":"https:\/\/epithelia.ca\/en\/wp-json\/wp\/v2\/tags?post=4406495"}],"curies":[{"name":"wp","href":"https:\/\/api.w.org\/{rel}","templated":true}]}}