{"id":4408163,"date":"2024-09-30T11:28:00","date_gmt":"2024-09-30T15:28:00","guid":{"rendered":"https:\/\/epithelia.ca\/?p=4408163"},"modified":"2024-10-16T09:52:17","modified_gmt":"2024-10-16T13:52:17","slug":"yellow-or-green-banana","status":"publish","type":"post","link":"https:\/\/epithelia.ca\/en\/blogue\/banane-brune-jaune-ou-verte\/","title":{"rendered":"Brown, yellow or green bananas?"},"content":{"rendered":"<p>[et_pb_section fb_built=\u00a0\u00bb1&Prime; _builder_version=\u00a0\u00bb4.27.0&Prime; _module_preset=\u00a0\u00bbdefault\u00a0\u00bb global_colors_info=\u00a0\u00bb{}\u00a0\u00bb][et_pb_row _builder_version=\u00a0\u00bb4.27.0&Prime; _module_preset=\u00a0\u00bbdefault\u00a0\u00bb global_colors_info=\u00a0\u00bb{}\u00a0\u00bb][et_pb_column type=\u00a0\u00bb4_4&Prime; _builder_version=\u00a0\u00bb4.27.0&Prime; _module_preset=\u00a0\u00bbdefault\u00a0\u00bb global_colors_info=\u00a0\u00bb{}\u00a0\u00bb][et_pb_text _builder_version=\u00a0\u00bb4.27.0&Prime; _module_preset=\u00a0\u00bbdefault\u00a0\u00bb global_colors_info=\u00a0\u00bb{}\u00a0\u00bb]<\/p>\n<p style=\"text-align: justify;\">Vous souffrez de <a href=\"https:\/\/epithelia.ca\/blogue\/labc-du-caca-demystifie\/%20\">sympt\u00f4mes intestinaux<\/a>, de <a href=\"https:\/\/epithelia.ca\/blogue\/astuces-101-pour-soulager-les-ballonnements\/%20\">ballonnements<\/a>, de gaz ou encore d\u2019<a href=\"https:\/\/epithelia.ca\/blogue\/syndrome-de-lintestin-irritable-au-dela-des-fodmap-quelles-sont-les-differentes-pistes-dintervention\/%20\">intestin irritable (souvent appel\u00e9 c\u00f4lon irritable)<\/a> et vous vous demandez si la banane vous convient?<\/p>\n<p style=\"text-align: justify;\">En fait, la composition en diff\u00e9rents sucres varie en fonction du degr\u00e9 de maturit\u00e9 de la banane!<\/p>\n<p>[\/et_pb_text][\/et_pb_column][\/et_pb_row][et_pb_row _builder_version=\u00a0\u00bb4.27.0&Prime; _module_preset=\u00a0\u00bbdefault\u00a0\u00bb global_colors_info=\u00a0\u00bb{}\u00a0\u00bb][et_pb_column type=\u00a0\u00bb4_4&Prime; _builder_version=\u00a0\u00bb4.27.0&Prime; _module_preset=\u00a0\u00bbdefault\u00a0\u00bb global_colors_info=\u00a0\u00bb{}\u00a0\u00bb][et_pb_text _builder_version=\u00a0\u00bb4.27.0&Prime; _module_preset=\u00a0\u00bbdefault\u00a0\u00bb global_colors_info=\u00a0\u00bb{}\u00a0\u00bb]<\/p>\n<h2><strong>Banane brune\/m\u00fbre<\/strong><\/h2>\n<p style=\"text-align: justify;\"><strong>Plus la banane est m\u00fbre, plus elle devient riche en sucre simple, soit le fructane.<\/strong><\/p>\n<p style=\"text-align: justify;\">Le fructane est un sucre appartenant au groupe des <span style=\"text-decoration: underline;\"><a href=\"https:\/\/epithelia.ca\/lexique-de-la-sante-intestinale\/%20\">FODMAP<\/a><\/span>, soit les sucres plus fermentescibles \u00e0 l\u2019intestin. Le fructane est donc facilement ferment\u00e9 par les bact\u00e9ries intestinales, pouvant causer des inconforts chez ceux qui y sont sensibles. C\u2019est pour cette raison qu\u2019une portion maximale de 1\/3 de banane m\u00fbre est sugg\u00e9r\u00e9e pour une <a href=\"https:\/\/www.monashfodmap.com\/%20\">alimentation faible en FODMAP<\/a>.<\/p>\n<p style=\"text-align: justify;\">\u00c9videmment, ce ne sont pas tous les individus qui ont des r\u00e9actions intestinales face au fructane. Il faut faire l\u2019essai et, <strong>s\u2019il n\u2019y a pas de r\u00e9action, inutile de vous limiter!<\/strong><\/p>\n<p style=\"text-align: justify;\"><strong><\/strong><\/p>\n<p>[\/et_pb_text][\/et_pb_column][\/et_pb_row][et_pb_row column_structure=\u00a0\u00bb1_2,1_2&Prime; _builder_version=\u00a0\u00bb4.27.0&Prime; _module_preset=\u00a0\u00bbdefault\u00a0\u00bb background_color=\u00a0\u00bb#8247E3&Prime; global_colors_info=\u00a0\u00bb{}\u00a0\u00bb][et_pb_column type=\u00a0\u00bb1_2&Prime; _builder_version=\u00a0\u00bb4.27.0&Prime; _module_preset=\u00a0\u00bbdefault\u00a0\u00bb global_colors_info=\u00a0\u00bb{}\u00a0\u00bb][et_pb_button button_url=\u00a0\u00bbhttps:\/\/epithelia.ca\/produit\/guide-pratique-pour-integrer-des-aliments-faibles-en-fodmap-2\/%20&Prime; button_text=\u00a0\u00bbGuide d&rsquo;achat \u00e0 l&rsquo;\u00e9picerie, astuces et conseils de nos nutritionnistes et plusieurs recettes originales et savoureuses faibles en FODMAP !\u00a0\u00bb _builder_version=\u00a0\u00bb4.27.0&Prime; _module_preset=\u00a0\u00bbdefault\u00a0\u00bb custom_button=\u00a0\u00bbon\u00a0\u00bb button_bg_color=\u00a0\u00bb#BDE2D3&Prime; hover_enabled=\u00a0\u00bb0&Prime; box_shadow_style=\u00a0\u00bbpreset2&Prime; global_colors_info=\u00a0\u00bb{}\u00a0\u00bb button_alignment=\u00a0\u00bbcenter\u00a0\u00bb custom_margin=\u00a0\u00bb63px|||42px|false|false\u00a0\u00bb sticky_enabled=\u00a0\u00bb0&Prime;][\/et_pb_button][\/et_pb_column][et_pb_column type=\u00a0\u00bb1_2&Prime; _builder_version=\u00a0\u00bb4.27.0&Prime; _module_preset=\u00a0\u00bbdefault\u00a0\u00bb global_colors_info=\u00a0\u00bb{}\u00a0\u00bb][et_pb_image src=\u00a0\u00bbhttps:\/\/epithelia.ca\/wp-content\/uploads\/2024\/04\/6-1.png\u00a0\u00bb alt=\u00a0\u00bbGuide num\u00e9rique- Alimentation faible en FODMAP. Produits, recettes et astuces du quotidien pour une alimentation faible en FODMAP. \u00c9PITH\u00c9LIA- Clinique de sant\u00e9 digestive\u00a0\u00bb title_text=\u00a0\u00bbGuide num\u00e9rique- Alimentation faible en FODMAP. Produits, recettes et astuces du quotidien pour une alimentation faible en FODMAP. \u00c9PITH\u00c9LIA- Clinique de sant\u00e9 digestive\u00a0\u00bb _builder_version=\u00a0\u00bb4.27.0&Prime; _module_preset=\u00a0\u00bbdefault\u00a0\u00bb width=\u00a0\u00bb80%\u00a0\u00bb global_colors_info=\u00a0\u00bb{}\u00a0\u00bb][\/et_pb_image][\/et_pb_column][\/et_pb_row][et_pb_row _builder_version=\u00a0\u00bb4.27.0&Prime; _module_preset=\u00a0\u00bbdefault\u00a0\u00bb global_colors_info=\u00a0\u00bb{}\u00a0\u00bb][et_pb_column type=\u00a0\u00bb4_4&Prime; _builder_version=\u00a0\u00bb4.27.0&Prime; _module_preset=\u00a0\u00bbdefault\u00a0\u00bb global_colors_info=\u00a0\u00bb{}\u00a0\u00bb][et_pb_text _builder_version=\u00a0\u00bb4.27.0&Prime; _module_preset=\u00a0\u00bbdefault\u00a0\u00bb global_colors_info=\u00a0\u00bb{}\u00a0\u00bb][\/et_pb_text][\/et_pb_column][\/et_pb_row][et_pb_row _builder_version=\u00a0\u00bb4.27.0&Prime; _module_preset=\u00a0\u00bbdefault\u00a0\u00bb global_colors_info=\u00a0\u00bb{}\u00a0\u00bb][et_pb_column type=\u00a0\u00bb4_4&Prime; _builder_version=\u00a0\u00bb4.27.0&Prime; _module_preset=\u00a0\u00bbdefault\u00a0\u00bb global_colors_info=\u00a0\u00bb{}\u00a0\u00bb][et_pb_text _builder_version=\u00a0\u00bb4.27.0&Prime; _module_preset=\u00a0\u00bbdefault\u00a0\u00bb global_colors_info=\u00a0\u00bb{}\u00a0\u00bb]<\/p>\n<p><strong><\/strong><\/p>\n<h2><strong>Banane verte<\/strong><\/h2>\n<p style=\"text-align: justify;\">\u00c0 l\u2019inverse, la banane verte est plus riche en amidon r\u00e9sistant, un <a href=\"https:\/\/epithelia.ca\/blogue\/les-fibres-au-dela-des-legumes-et-des-fruits\/%20\">pr\u00e9biotique<\/a>! Ce pr\u00e9biotique fermente beaucoup plus lentement causant <a href=\"https:\/\/epithelia.ca\/blogue\/astuces-101-pour-soulager-les-ballonnements\/%20\">moins de gaz et de ballonnements<\/a> pour les gens sensibles. La banane verte est donc <a href=\"https:\/\/epithelia.ca\/produit\/guide-pratique-pour-integrer-des-aliments-faibles-en-fodmap-2\/%20\">faible en FODMAP<\/a>. Les pr\u00e9biotiques, comme l\u2019amidon r\u00e9sistant que l\u2019on retrouve dans la banane verte, sont reconnus pour aider \u00e0 la sant\u00e9 intestinale \u00e9tant de la \u00ab\u00a0nourriture\u00a0\u00bb pour les bact\u00e9ries. \u00a0<\/p>\n<p style=\"text-align: justify;\">D\u2019ailleurs, l\u2019amidon r\u00e9sistant se retrouve aussi dans les l\u00e9gumineuses, l\u2019avoine, les pommes de terre ainsi que le riz cuits et consomm\u00e9s froids! Il existe aussi de la <a href=\"https:\/\/www.google.com\/search?q=farine+de+banane+verte&amp;oq=farine+de+banane+verte&amp;gs_lcrp=EgZjaHJvbWUyCQgAEEUYORiABDIHCAEQABiABDIHCAIQABiABDIHCAMQABiABDIHCAQQABiABDIHCAUQABiABDIHCAYQABiABDIHCAcQABiABDIHCAgQABiABDIHCAkQABiABNIBCDM4OTdqMGo3qAIAsAIA&amp;sourceid=chrome&amp;ie=UTF-8\">farine de banane verte<\/a>! Un produit \u00e0 d\u00e9couvrir!<\/p>\n<p style=\"text-align: justify;\">\n<p>[\/et_pb_text][\/et_pb_column][\/et_pb_row][et_pb_row _builder_version=\u00a0\u00bb4.27.0&Prime; _module_preset=\u00a0\u00bbdefault\u00a0\u00bb global_colors_info=\u00a0\u00bb{}\u00a0\u00bb][et_pb_column type=\u00a0\u00bb4_4&Prime; _builder_version=\u00a0\u00bb4.27.0&Prime; _module_preset=\u00a0\u00bbdefault\u00a0\u00bb global_colors_info=\u00a0\u00bb{}\u00a0\u00bb][et_pb_text _builder_version=\u00a0\u00bb4.27.0&Prime; _module_preset=\u00a0\u00bbdefault\u00a0\u00bb global_colors_info=\u00a0\u00bb{}\u00a0\u00bb]<\/p>\n<h2 style=\"text-align: justify;\"><strong><\/strong><\/h2>\n<h2 style=\"text-align: justify;\"><strong>Banane jaune<\/strong><\/h2>\n<p style=\"text-align: justify;\">La banane d\u2019un jaune doux et uniforme est le juste milieu ! <strong>Elle est plus riche en <a href=\"https:\/\/epithelia.ca\/blogue\/les-fibres-au-dela-des-legumes-et-des-fruits\/%20\">pectine<\/a>, un sucre ferment\u00e9 \u00e0 une vitesse moyenne<\/strong>.<\/p>\n<p style=\"text-align: justify;\">\n<p>[\/et_pb_text][\/et_pb_column][\/et_pb_row][et_pb_row _builder_version=\u00a0\u00bb4.27.0&Prime; _module_preset=\u00a0\u00bbdefault\u00a0\u00bb global_colors_info=\u00a0\u00bb{}\u00a0\u00bb][et_pb_column type=\u00a0\u00bb4_4&Prime; _builder_version=\u00a0\u00bb4.27.0&Prime; _module_preset=\u00a0\u00bbdefault\u00a0\u00bb global_colors_info=\u00a0\u00bb{}\u00a0\u00bb][et_pb_text _builder_version=\u00a0\u00bb4.27.0&Prime; _module_preset=\u00a0\u00bbdefault\u00a0\u00bb global_colors_info=\u00a0\u00bb{}\u00a0\u00bb]<\/p>\n<h2><strong><\/strong><\/h2>\n<h2 style=\"text-align: justify;\"><strong>En conclusion?<\/strong><\/h2>\n<p style=\"text-align: justify;\">Doit-on consommer la banane verte ou jaune pour le meilleur effet pr\u00e9biotique? <strong>Peu importe, la banane en soi est un pr\u00e9biotique et un fruit de choix!<\/strong><\/p>\n<p style=\"text-align: justify;\"><strong>Choisissez la couleur que vous pr\u00e9f\u00e9rez au go\u00fbt, ou bien, <a href=\"https:\/\/epithelia.ca\/blogue\/comment-la-digestion-affecte-lenergie-et-vice-versa\/%20\">celle que vous dig\u00e9rez la mieux!<\/a><\/strong><\/p>\n<p style=\"text-align: justify;\">\n<p>[\/et_pb_text][\/et_pb_column][\/et_pb_row][et_pb_row _builder_version=\u00a0\u00bb4.27.0&Prime; _module_preset=\u00a0\u00bbdefault\u00a0\u00bb background_color=\u00a0\u00bb#8247E3&Prime; global_colors_info=\u00a0\u00bb{}\u00a0\u00bb][et_pb_column type=\u00a0\u00bb4_4&Prime; _builder_version=\u00a0\u00bb4.27.0&Prime; _module_preset=\u00a0\u00bbdefault\u00a0\u00bb global_colors_info=\u00a0\u00bb{}\u00a0\u00bb][et_pb_button button_url=\u00a0\u00bbhttps:\/\/epithelia.ca\/?s=banane\u00a0\u00bb button_text=\u00a0\u00bbCuisinez la banane ! \u00a0\u00bb button_alignment=\u00a0\u00bbcenter\u00a0\u00bb _builder_version=\u00a0\u00bb4.27.0&Prime; _module_preset=\u00a0\u00bbdefault\u00a0\u00bb custom_button=\u00a0\u00bbon\u00a0\u00bb button_bg_color=\u00a0\u00bb#BDE2D3&Prime; box_shadow_style=\u00a0\u00bbpreset2&Prime; global_colors_info=\u00a0\u00bb{}\u00a0\u00bb][\/et_pb_button][\/et_pb_column][\/et_pb_row][et_pb_row column_structure=\u00a0\u00bb1_4,1_4,1_4,1_4&Prime; _builder_version=\u00a0\u00bb4.27.0&Prime; _module_preset=\u00a0\u00bbdefault\u00a0\u00bb background_color=\u00a0\u00bb#BDE2D3&Prime; global_colors_info=\u00a0\u00bb{}\u00a0\u00bb][et_pb_column type=\u00a0\u00bb1_4&Prime; _builder_version=\u00a0\u00bb4.27.0&Prime; _module_preset=\u00a0\u00bbdefault\u00a0\u00bb global_colors_info=\u00a0\u00bb{}\u00a0\u00bb][et_pb_image src=\u00a0\u00bbhttps:\/\/epithelia.ca\/wp-content\/uploads\/2024\/04\/IMG_1701.jpeg\u00a0\u00bb alt=\u00a0\u00bbCarr\u00e9s fraises, bananes et arachides. \u00c9PITH\u00c9LIA- Clinique de sant\u00e9 digestive. \u00c9quipe de nutritionnistes.\u00a0\u00bb title_text=\u00a0\u00bbCarr\u00e9s fraises, bananes et arachides. \u00c9PITH\u00c9LIA- Clinique de sant\u00e9 digestive. \u00c9quipe de nutritionnistes.\u00a0\u00bb align=\u00a0\u00bbcenter\u00a0\u00bb _builder_version=\u00a0\u00bb4.27.0&Prime; _module_preset=\u00a0\u00bbdefault\u00a0\u00bb module_alignment=\u00a0\u00bbcenter\u00a0\u00bb min_height=\u00a0\u00bb100px\u00a0\u00bb height=\u00a0\u00bb138px\u00a0\u00bb global_colors_info=\u00a0\u00bb{}\u00a0\u00bb][\/et_pb_image][\/et_pb_column][et_pb_column type=\u00a0\u00bb1_4&Prime; _builder_version=\u00a0\u00bb4.27.0&Prime; _module_preset=\u00a0\u00bbdefault\u00a0\u00bb global_colors_info=\u00a0\u00bb{}\u00a0\u00bb][et_pb_image src=\u00a0\u00bbhttps:\/\/epithelia.ca\/wp-content\/uploads\/2023\/07\/image3-scaled-e1688664387630.jpeg\u00a0\u00bb alt=\u00a0\u00bbMuffins sans gluten prot\u00e9in\u00e9s aux bananes et chou fris\u00e9\u00a0\u00bb title_text=\u00a0\u00bbmuffins banane chou fris\u00e9\u00a0\u00bb align=\u00a0\u00bbcenter\u00a0\u00bb _builder_version=\u00a0\u00bb4.27.0&Prime; _module_preset=\u00a0\u00bbdefault\u00a0\u00bb width=\u00a0\u00bb110%\u00a0\u00bb module_alignment=\u00a0\u00bbcenter\u00a0\u00bb min_height=\u00a0\u00bb140px\u00a0\u00bb global_colors_info=\u00a0\u00bb{}\u00a0\u00bb][\/et_pb_image][\/et_pb_column][et_pb_column type=\u00a0\u00bb1_4&Prime; _builder_version=\u00a0\u00bb4.27.0&Prime; _module_preset=\u00a0\u00bbdefault\u00a0\u00bb global_colors_info=\u00a0\u00bb{}\u00a0\u00bb][et_pb_image src=\u00a0\u00bbhttps:\/\/epithelia.ca\/wp-content\/uploads\/2022\/10\/IMG_8273.jpeg\u00a0\u00bb alt=\u00a0\u00bbSmoothie choco-banane et arachide. \u00c9PITH\u00c9LIA-Clinique de sant\u00e9 digestive\u00a0\u00bb title_text=\u00a0\u00bbSmoothie choco-banane et arachide. \u00c9PITH\u00c9LIA-Clinique de sant\u00e9 digestive\u00a0\u00bb align=\u00a0\u00bbcenter\u00a0\u00bb _builder_version=\u00a0\u00bb4.27.0&Prime; _module_preset=\u00a0\u00bbdefault\u00a0\u00bb module_alignment=\u00a0\u00bbcenter\u00a0\u00bb height=\u00a0\u00bb140px\u00a0\u00bb global_colors_info=\u00a0\u00bb{}\u00a0\u00bb][\/et_pb_image][\/et_pb_column][et_pb_column type=\u00a0\u00bb1_4&Prime; _builder_version=\u00a0\u00bb4.27.0&Prime; _module_preset=\u00a0\u00bbdefault\u00a0\u00bb global_colors_info=\u00a0\u00bb{}\u00a0\u00bb][et_pb_image src=\u00a0\u00bbhttps:\/\/epithelia.ca\/wp-content\/uploads\/2023\/11\/Capture-decran-le-2024-08-18-a-19.02.04.png\u00a0\u00bb alt=\u00a0\u00bbPain aux bananes et aux noix faible en FODMAP. \u00c9PITH\u00c9LIA- Clinique de sant\u00e9 digestive.\u00a0\u00bb title_text=\u00a0\u00bbPain aux bananes et aux noix faible en FODMAP. \u00c9PITH\u00c9LIA- Clinique de sant\u00e9 digestive.\u00a0\u00bb align=\u00a0\u00bbcenter\u00a0\u00bb _builder_version=\u00a0\u00bb4.27.0&Prime; _module_preset=\u00a0\u00bbdefault\u00a0\u00bb module_alignment=\u00a0\u00bbcenter\u00a0\u00bb min_height=\u00a0\u00bb120px\u00a0\u00bb height=\u00a0\u00bb141px\u00a0\u00bb hover_enabled=\u00a0\u00bb0&Prime; global_colors_info=\u00a0\u00bb{}\u00a0\u00bb custom_margin=\u00a0\u00bb||||false|false\u00a0\u00bb custom_padding=\u00a0\u00bb|10px|||false|false\u00a0\u00bb sticky_enabled=\u00a0\u00bb0&Prime;][\/et_pb_image][\/et_pb_column][\/et_pb_row][et_pb_row _builder_version=\u00a0\u00bb4.27.0&Prime; _module_preset=\u00a0\u00bbdefault\u00a0\u00bb global_colors_info=\u00a0\u00bb{}\u00a0\u00bb][et_pb_column type=\u00a0\u00bb4_4&Prime; _builder_version=\u00a0\u00bb4.27.0&Prime; _module_preset=\u00a0\u00bbdefault\u00a0\u00bb global_colors_info=\u00a0\u00bb{}\u00a0\u00bb][et_pb_text _builder_version=\u00a0\u00bb4.27.0&Prime; _module_preset=\u00a0\u00bbdefault\u00a0\u00bb global_colors_info=\u00a0\u00bb{}\u00a0\u00bb]<\/p>\n<h2 style=\"text-align: justify;\"><strong><\/strong><\/h2>\n<h2 style=\"text-align: justify;\"><strong><\/strong><\/h2>\n<h2 style=\"text-align: justify;\"><strong>R\u00e9f\u00e9rences<\/strong><\/h2>\n<p style=\"text-align: justify;\">Are Bananas Good for IBS? (2021) Healthline (en ligne), page consult\u00e9e en ao\u00fbt 2024. <span style=\"text-decoration: underline;\"><a href=\"https:\/\/www.healthline.com\/nutrition\/banana-fodmap\">https:\/\/www.healthline.com\/nutrition\/banana-fodmap<\/a><\/span><\/p>\n<p style=\"text-align: justify;\">Are Bananas Low FODMAP? (2024) FODMAP everyday (en ligne), page consult\u00e9e en ao\u00fbt 2024. <span style=\"text-decoration: underline;\"><a href=\"https:\/\/www.fodmapeveryday.com\/are-bananas-low-fodmap\/\">https:\/\/www.fodmapeveryday.com\/are-bananas-low-fodmap\/<\/a>\u00a0<\/span><\/p>\n<p style=\"text-align: justify;\">Update: Bananas re-tested! (2017) Monash University (en ligne), page consult\u00e9e en ao\u00fbt 2024. <span style=\"text-decoration: underline;\"><a href=\"https:\/\/www.monashfodmap.com\/blog\/update-bananas-re-tested\/\">https:\/\/www.monashfodmap.com\/blog\/update-bananas-re-tested\/<\/a><\/span><\/p>\n<p>[\/et_pb_text][\/et_pb_column][\/et_pb_row][\/et_pb_section]<\/p>\n","protected":false},"excerpt":{"rendered":"<p>Vous souffrez de sympt\u00f4mes intestinaux, de ballonnements, de gaz ou encore d\u2019intestin irritable (souvent appel\u00e9 c\u00f4lon irritable) et vous vous demandez si la banane vous convient? En fait, la composition en diff\u00e9rents sucres varie en fonction du degr\u00e9 de maturit\u00e9 de la banane!Banane brune\/m\u00fbre Plus la banane est m\u00fbre, plus elle devient riche en sucre [&hellip;]<\/p>\n","protected":false},"author":3,"featured_media":4408164,"comment_status":"closed","ping_status":"closed","sticky":false,"template":"","format":"standard","meta":{"_et_pb_use_builder":"on","_et_pb_old_content":"<!-- wp:divi\/placeholder \/-->","_et_gb_content_width":"","wprm-recipe-roundup-name":"","wprm-recipe-roundup-description":"","footnotes":""},"categories":[24,1704,1708],"tags":[],"class_list":["post-4408163","post","type-post","status-publish","format-standard","has-post-thumbnail","hentry","category-blogue","category-sante-digestive","category-tout-sur-les-fruits-et-legumes"],"aioseo_notices":[],"aioseo_head":"\n\t\t<!-- All in One SEO 5.0.1.1 - aioseo.com -->\n\t<meta name=\"description\" content=\"Sympt\u00f4mes intestinaux, ballonnements, gaz, SII et vous vous demandez si la banane vous convient? La composition en diff\u00e9rents sucres varie selon la couleur\" \/>\n\t<meta name=\"robots\" content=\"max-image-preview:large\" \/>\n\t<meta name=\"author\" content=\"Laurence Fournier\"\/>\n\t<meta name=\"google-site-verification\" content=\"XOfmnsTiCa_OkTFHEAaCkXMlT1cHYMRgUIgICNM4g_Q\" \/>\n\t<link rel=\"canonical\" href=\"https:\/\/epithelia.ca\/en\/blogue\/banane-brune-jaune-ou-verte\/\" \/>\n\t<meta name=\"generator\" content=\"All in One SEO (AIOSEO) 5.0.1.1\" \/>\n\t\t<meta property=\"og:locale\" content=\"en_US\" \/>\n\t\t<meta property=\"og:site_name\" content=\"Clinique \u00c9pith\u00e9lia - \u00c9quipe de nutritionnistes experts en sant\u00e9 du microbiote\" \/>\n\t\t<meta property=\"og:type\" content=\"article\" \/>\n\t\t<meta property=\"og:title\" content=\"Banane brune, jaune ou verte? - Clinique \u00c9pith\u00e9lia\" \/>\n\t\t<meta property=\"og:description\" content=\"Sympt\u00f4mes intestinaux, ballonnements, gaz, SII et vous vous demandez si la banane vous convient? La composition en diff\u00e9rents sucres varie selon la couleur\" \/>\n\t\t<meta property=\"og:url\" content=\"https:\/\/epithelia.ca\/en\/blogue\/banane-brune-jaune-ou-verte\/\" \/>\n\t\t<meta property=\"og:image\" content=\"https:\/\/epithelia.ca\/wp-content\/uploads\/2024\/08\/Capture-decran-le-2024-08-21-a-10.54.24.png\" \/>\n\t\t<meta property=\"og:image:secure_url\" content=\"https:\/\/epithelia.ca\/wp-content\/uploads\/2024\/08\/Capture-decran-le-2024-08-21-a-10.54.24.png\" \/>\n\t\t<meta property=\"og:image:width\" content=\"1152\" \/>\n\t\t<meta property=\"og:image:height\" content=\"749\" \/>\n\t\t<meta property=\"article:published_time\" content=\"2024-09-30T15:28:00+00:00\" \/>\n\t\t<meta property=\"article:modified_time\" content=\"2024-10-16T13:52:17+00:00\" \/>\n\t\t<meta property=\"article:publisher\" content=\"https:\/\/www.facebook.com\/profile.php?id=61560378100335&amp;mibextid=LQQJ4d\" \/>\n\t\t<meta name=\"twitter:card\" content=\"summary_large_image\" \/>\n\t\t<meta name=\"twitter:title\" content=\"Banane brune, jaune ou verte? - Clinique \u00c9pith\u00e9lia\" \/>\n\t\t<meta name=\"twitter:description\" content=\"Sympt\u00f4mes intestinaux, ballonnements, gaz, SII et vous vous demandez si la banane vous convient? La composition en diff\u00e9rents sucres varie selon la couleur\" \/>\n\t\t<meta name=\"twitter:image\" content=\"https:\/\/epithelia.ca\/wp-content\/uploads\/2024\/04\/Epithelia-clinique-sante-digestive.jpg\" \/>\n\t\t<script type=\"application\/ld+json\" class=\"aioseo-schema\">\n\t\t\t{\"@context\":\"https:\\\/\\\/schema.org\",\"@graph\":[{\"@type\":\"BlogPosting\",\"@id\":\"https:\\\/\\\/epithelia.ca\\\/en\\\/blogue\\\/banane-brune-jaune-ou-verte\\\/#blogposting\",\"name\":\"Banane brune, jaune ou verte? - Clinique \\u00c9pith\\u00e9lia\",\"headline\":\"Banane brune, jaune ou verte?\",\"author\":{\"@id\":\"https:\\\/\\\/epithelia.ca\\\/en\\\/author\\\/lfournierandreannemartin-com\\\/#author\"},\"publisher\":{\"@id\":\"https:\\\/\\\/epithelia.ca\\\/en\\\/#organization\"},\"image\":{\"@type\":\"ImageObject\",\"url\":\"https:\\\/\\\/epithelia.ca\\\/wp-content\\\/uploads\\\/2024\\\/08\\\/Capture-decran-le-2024-08-21-a-10.54.24.png\",\"width\":1152,\"height\":749,\"caption\":\"Banane brune, jaune ou verte?\\nVous souffrez de sympt\\u00f4mes intestinaux, de ballonnements, de gaz ou encore d\\u2019intestin irritable (souvent appel\\u00e9 c\\u00f4lon irritable) et vous vous demandez si la banane vous convient? \\nEn fait, la composition en diff\\u00e9rents sucres varie en fonction du degr\\u00e9 de maturit\\u00e9 de la banane!\"},\"datePublished\":\"2024-09-30T11:28:00-04:00\",\"dateModified\":\"2024-10-16T09:52:17-04:00\",\"inLanguage\":\"en-US\",\"mainEntityOfPage\":{\"@id\":\"https:\\\/\\\/epithelia.ca\\\/en\\\/blogue\\\/banane-brune-jaune-ou-verte\\\/#webpage\"},\"isPartOf\":{\"@id\":\"https:\\\/\\\/epithelia.ca\\\/en\\\/blogue\\\/banane-brune-jaune-ou-verte\\\/#webpage\"},\"articleSection\":\"Blogue, Sant\\u00e9 digestive, Tout sur les fruits et l\\u00e9gumes\"},{\"@type\":\"BreadcrumbList\",\"@id\":\"https:\\\/\\\/epithelia.ca\\\/en\\\/blogue\\\/banane-brune-jaune-ou-verte\\\/#breadcrumblist\",\"itemListElement\":[{\"@type\":\"ListItem\",\"@id\":\"https:\\\/\\\/epithelia.ca\\\/en#listItem\",\"position\":1,\"name\":\"Domicile\",\"item\":\"https:\\\/\\\/epithelia.ca\\\/en\",\"nextItem\":{\"@type\":\"ListItem\",\"@id\":\"https:\\\/\\\/epithelia.ca\\\/en\\\/category\\\/blogue\\\/#listItem\",\"name\":\"Blogue\"}},{\"@type\":\"ListItem\",\"@id\":\"https:\\\/\\\/epithelia.ca\\\/en\\\/category\\\/blogue\\\/#listItem\",\"position\":2,\"name\":\"Blogue\",\"item\":\"https:\\\/\\\/epithelia.ca\\\/en\\\/category\\\/blogue\\\/\",\"nextItem\":{\"@type\":\"ListItem\",\"@id\":\"https:\\\/\\\/epithelia.ca\\\/en\\\/category\\\/blogue\\\/sante-digestive\\\/#listItem\",\"name\":\"Sant\\u00e9 digestive\"},\"previousItem\":{\"@type\":\"ListItem\",\"@id\":\"https:\\\/\\\/epithelia.ca\\\/en#listItem\",\"name\":\"Domicile\"}},{\"@type\":\"ListItem\",\"@id\":\"https:\\\/\\\/epithelia.ca\\\/en\\\/category\\\/blogue\\\/sante-digestive\\\/#listItem\",\"position\":3,\"name\":\"Sant\\u00e9 digestive\",\"item\":\"https:\\\/\\\/epithelia.ca\\\/en\\\/category\\\/blogue\\\/sante-digestive\\\/\",\"nextItem\":{\"@type\":\"ListItem\",\"@id\":\"https:\\\/\\\/epithelia.ca\\\/en\\\/blogue\\\/banane-brune-jaune-ou-verte\\\/#listItem\",\"name\":\"Banane brune, jaune ou verte?\"},\"previousItem\":{\"@type\":\"ListItem\",\"@id\":\"https:\\\/\\\/epithelia.ca\\\/en\\\/category\\\/blogue\\\/#listItem\",\"name\":\"Blogue\"}},{\"@type\":\"ListItem\",\"@id\":\"https:\\\/\\\/epithelia.ca\\\/en\\\/blogue\\\/banane-brune-jaune-ou-verte\\\/#listItem\",\"position\":4,\"name\":\"Banane brune, jaune ou verte?\",\"previousItem\":{\"@type\":\"ListItem\",\"@id\":\"https:\\\/\\\/epithelia.ca\\\/en\\\/category\\\/blogue\\\/sante-digestive\\\/#listItem\",\"name\":\"Sant\\u00e9 digestive\"}}]},{\"@type\":\"Organization\",\"@id\":\"https:\\\/\\\/epithelia.ca\\\/en\\\/#organization\",\"name\":\"Clinique \\u00c9pith\\u00e9lia\",\"description\":\"\\u00c9quipe de nutritionnistes experts en sant\\u00e9 du microbiote\",\"url\":\"https:\\\/\\\/epithelia.ca\\\/en\\\/\",\"telephone\":\"+15819970681\",\"logo\":{\"@type\":\"ImageObject\",\"url\":\"https:\\\/\\\/epithelia.ca\\\/wp-content\\\/uploads\\\/2024\\\/04\\\/cropped-EPITHELIA_Logo_VioletRGB.png\",\"@id\":\"https:\\\/\\\/epithelia.ca\\\/en\\\/blogue\\\/banane-brune-jaune-ou-verte\\\/#organizationLogo\",\"width\":512,\"height\":512},\"image\":{\"@id\":\"https:\\\/\\\/epithelia.ca\\\/en\\\/blogue\\\/banane-brune-jaune-ou-verte\\\/#organizationLogo\"},\"sameAs\":[\"https:\\\/\\\/www.instagram.com\\\/epithelia.ca?igsh=MXVsZnA2OWZ3bmE2eA&utm_source=qr\"]},{\"@type\":\"Person\",\"@id\":\"https:\\\/\\\/epithelia.ca\\\/en\\\/author\\\/lfournierandreannemartin-com\\\/#author\",\"url\":\"https:\\\/\\\/epithelia.ca\\\/en\\\/author\\\/lfournierandreannemartin-com\\\/\",\"name\":\"Laurence Fournier\",\"image\":{\"@type\":\"ImageObject\",\"@id\":\"https:\\\/\\\/epithelia.ca\\\/en\\\/blogue\\\/banane-brune-jaune-ou-verte\\\/#authorImage\",\"url\":\"https:\\\/\\\/secure.gravatar.com\\\/avatar\\\/ff3fa10279fc123eff8dbeb6bef2912f5827e5cbf94fca51b311f072bcac1229?s=96&d=mm&r=g\",\"width\":96,\"height\":96,\"caption\":\"Laurence Fournier\"}},{\"@type\":\"WebPage\",\"@id\":\"https:\\\/\\\/epithelia.ca\\\/en\\\/blogue\\\/banane-brune-jaune-ou-verte\\\/#webpage\",\"url\":\"https:\\\/\\\/epithelia.ca\\\/en\\\/blogue\\\/banane-brune-jaune-ou-verte\\\/\",\"name\":\"Banane brune, jaune ou verte? - Clinique \\u00c9pith\\u00e9lia\",\"description\":\"Sympt\\u00f4mes intestinaux, ballonnements, gaz, SII et vous vous demandez si la banane vous convient? La composition en diff\\u00e9rents sucres varie selon la couleur\",\"inLanguage\":\"en-US\",\"isPartOf\":{\"@id\":\"https:\\\/\\\/epithelia.ca\\\/en\\\/#website\"},\"breadcrumb\":{\"@id\":\"https:\\\/\\\/epithelia.ca\\\/en\\\/blogue\\\/banane-brune-jaune-ou-verte\\\/#breadcrumblist\"},\"author\":{\"@id\":\"https:\\\/\\\/epithelia.ca\\\/en\\\/author\\\/lfournierandreannemartin-com\\\/#author\"},\"creator\":{\"@id\":\"https:\\\/\\\/epithelia.ca\\\/en\\\/author\\\/lfournierandreannemartin-com\\\/#author\"},\"image\":{\"@type\":\"ImageObject\",\"url\":\"https:\\\/\\\/epithelia.ca\\\/wp-content\\\/uploads\\\/2024\\\/08\\\/Capture-decran-le-2024-08-21-a-10.54.24.png\",\"@id\":\"https:\\\/\\\/epithelia.ca\\\/en\\\/blogue\\\/banane-brune-jaune-ou-verte\\\/#mainImage\",\"width\":1152,\"height\":749,\"caption\":\"Banane brune, jaune ou verte?\\nVous souffrez de sympt\\u00f4mes intestinaux, de ballonnements, de gaz ou encore d\\u2019intestin irritable (souvent appel\\u00e9 c\\u00f4lon irritable) et vous vous demandez si la banane vous convient? \\nEn fait, la composition en diff\\u00e9rents sucres varie en fonction du degr\\u00e9 de maturit\\u00e9 de la banane!\"},\"primaryImageOfPage\":{\"@id\":\"https:\\\/\\\/epithelia.ca\\\/en\\\/blogue\\\/banane-brune-jaune-ou-verte\\\/#mainImage\"},\"datePublished\":\"2024-09-30T11:28:00-04:00\",\"dateModified\":\"2024-10-16T09:52:17-04:00\"},{\"@type\":\"WebSite\",\"@id\":\"https:\\\/\\\/epithelia.ca\\\/en\\\/#website\",\"url\":\"https:\\\/\\\/epithelia.ca\\\/en\\\/\",\"name\":\"Clinique \\u00c9pith\\u00e9lia\",\"alternateName\":\"Clinique de sant\\u00e9 digestive\",\"description\":\"\\u00c9quipe de nutritionnistes experts en sant\\u00e9 du microbiote\",\"inLanguage\":\"en-US\",\"publisher\":{\"@id\":\"https:\\\/\\\/epithelia.ca\\\/en\\\/#organization\"}}]}\n\t\t<\/script>\n\t\t<!-- All in One SEO -->\n\n","aioseo_head_json":{"title":"Brown, yellow or green banana? - Epithelia Clinic","description":"Intestinal symptoms, bloating, gas, IBS and you're wondering if bananas are right for you? The composition of different sugars varies according to color","canonical_url":"https:\/\/epithelia.ca\/en\/blogue\/banane-brune-jaune-ou-verte\/","robots":"max-image-preview:large","keywords":"","webmasterTools":{"google-site-verification":"XOfmnsTiCa_OkTFHEAaCkXMlT1cHYMRgUIgICNM4g_Q","miscellaneous":""},"schema":{"@context":"https:\/\/schema.org","@graph":[{"@type":"BlogPosting","@id":"https:\/\/epithelia.ca\/en\/blogue\/banane-brune-jaune-ou-verte\/#blogposting","name":"Banane brune, jaune ou verte? - Clinique \u00c9pith\u00e9lia","headline":"Banane brune, jaune ou verte?","author":{"@id":"https:\/\/epithelia.ca\/en\/author\/lfournierandreannemartin-com\/#author"},"publisher":{"@id":"https:\/\/epithelia.ca\/en\/#organization"},"image":{"@type":"ImageObject","url":"https:\/\/epithelia.ca\/wp-content\/uploads\/2024\/08\/Capture-decran-le-2024-08-21-a-10.54.24.png","width":1152,"height":749,"caption":"Banane brune, jaune ou verte?\nVous souffrez de sympt\u00f4mes intestinaux, de ballonnements, de gaz ou encore d\u2019intestin irritable (souvent appel\u00e9 c\u00f4lon irritable) et vous vous demandez si la banane vous convient? \nEn fait, la composition en diff\u00e9rents sucres varie en fonction du degr\u00e9 de maturit\u00e9 de la banane!"},"datePublished":"2024-09-30T11:28:00-04:00","dateModified":"2024-10-16T09:52:17-04:00","inLanguage":"en-US","mainEntityOfPage":{"@id":"https:\/\/epithelia.ca\/en\/blogue\/banane-brune-jaune-ou-verte\/#webpage"},"isPartOf":{"@id":"https:\/\/epithelia.ca\/en\/blogue\/banane-brune-jaune-ou-verte\/#webpage"},"articleSection":"Blogue, Sant\u00e9 digestive, Tout sur les fruits et l\u00e9gumes"},{"@type":"BreadcrumbList","@id":"https:\/\/epithelia.ca\/en\/blogue\/banane-brune-jaune-ou-verte\/#breadcrumblist","itemListElement":[{"@type":"ListItem","@id":"https:\/\/epithelia.ca\/en#listItem","position":1,"name":"Domicile","item":"https:\/\/epithelia.ca\/en","nextItem":{"@type":"ListItem","@id":"https:\/\/epithelia.ca\/en\/category\/blogue\/#listItem","name":"Blogue"}},{"@type":"ListItem","@id":"https:\/\/epithelia.ca\/en\/category\/blogue\/#listItem","position":2,"name":"Blogue","item":"https:\/\/epithelia.ca\/en\/category\/blogue\/","nextItem":{"@type":"ListItem","@id":"https:\/\/epithelia.ca\/en\/category\/blogue\/sante-digestive\/#listItem","name":"Sant\u00e9 digestive"},"previousItem":{"@type":"ListItem","@id":"https:\/\/epithelia.ca\/en#listItem","name":"Domicile"}},{"@type":"ListItem","@id":"https:\/\/epithelia.ca\/en\/category\/blogue\/sante-digestive\/#listItem","position":3,"name":"Sant\u00e9 digestive","item":"https:\/\/epithelia.ca\/en\/category\/blogue\/sante-digestive\/","nextItem":{"@type":"ListItem","@id":"https:\/\/epithelia.ca\/en\/blogue\/banane-brune-jaune-ou-verte\/#listItem","name":"Banane brune, jaune ou verte?"},"previousItem":{"@type":"ListItem","@id":"https:\/\/epithelia.ca\/en\/category\/blogue\/#listItem","name":"Blogue"}},{"@type":"ListItem","@id":"https:\/\/epithelia.ca\/en\/blogue\/banane-brune-jaune-ou-verte\/#listItem","position":4,"name":"Banane brune, jaune ou verte?","previousItem":{"@type":"ListItem","@id":"https:\/\/epithelia.ca\/en\/category\/blogue\/sante-digestive\/#listItem","name":"Sant\u00e9 digestive"}}]},{"@type":"Organization","@id":"https:\/\/epithelia.ca\/en\/#organization","name":"Clinique \u00c9pith\u00e9lia","description":"\u00c9quipe de nutritionnistes experts en sant\u00e9 du microbiote","url":"https:\/\/epithelia.ca\/en\/","telephone":"+15819970681","logo":{"@type":"ImageObject","url":"https:\/\/epithelia.ca\/wp-content\/uploads\/2024\/04\/cropped-EPITHELIA_Logo_VioletRGB.png","@id":"https:\/\/epithelia.ca\/en\/blogue\/banane-brune-jaune-ou-verte\/#organizationLogo","width":512,"height":512},"image":{"@id":"https:\/\/epithelia.ca\/en\/blogue\/banane-brune-jaune-ou-verte\/#organizationLogo"},"sameAs":["https:\/\/www.instagram.com\/epithelia.ca?igsh=MXVsZnA2OWZ3bmE2eA&utm_source=qr"]},{"@type":"Person","@id":"https:\/\/epithelia.ca\/en\/author\/lfournierandreannemartin-com\/#author","url":"https:\/\/epithelia.ca\/en\/author\/lfournierandreannemartin-com\/","name":"Laurence Fournier","image":{"@type":"ImageObject","@id":"https:\/\/epithelia.ca\/en\/blogue\/banane-brune-jaune-ou-verte\/#authorImage","url":"https:\/\/secure.gravatar.com\/avatar\/ff3fa10279fc123eff8dbeb6bef2912f5827e5cbf94fca51b311f072bcac1229?s=96&d=mm&r=g","width":96,"height":96,"caption":"Laurence Fournier"}},{"@type":"WebPage","@id":"https:\/\/epithelia.ca\/en\/blogue\/banane-brune-jaune-ou-verte\/#webpage","url":"https:\/\/epithelia.ca\/en\/blogue\/banane-brune-jaune-ou-verte\/","name":"Banane brune, jaune ou verte? - Clinique \u00c9pith\u00e9lia","description":"Sympt\u00f4mes intestinaux, ballonnements, gaz, SII et vous vous demandez si la banane vous convient? La composition en diff\u00e9rents sucres varie selon la couleur","inLanguage":"en-US","isPartOf":{"@id":"https:\/\/epithelia.ca\/en\/#website"},"breadcrumb":{"@id":"https:\/\/epithelia.ca\/en\/blogue\/banane-brune-jaune-ou-verte\/#breadcrumblist"},"author":{"@id":"https:\/\/epithelia.ca\/en\/author\/lfournierandreannemartin-com\/#author"},"creator":{"@id":"https:\/\/epithelia.ca\/en\/author\/lfournierandreannemartin-com\/#author"},"image":{"@type":"ImageObject","url":"https:\/\/epithelia.ca\/wp-content\/uploads\/2024\/08\/Capture-decran-le-2024-08-21-a-10.54.24.png","@id":"https:\/\/epithelia.ca\/en\/blogue\/banane-brune-jaune-ou-verte\/#mainImage","width":1152,"height":749,"caption":"Banane brune, jaune ou verte?\nVous souffrez de sympt\u00f4mes intestinaux, de ballonnements, de gaz ou encore d\u2019intestin irritable (souvent appel\u00e9 c\u00f4lon irritable) et vous vous demandez si la banane vous convient? \nEn fait, la composition en diff\u00e9rents sucres varie en fonction du degr\u00e9 de maturit\u00e9 de la banane!"},"primaryImageOfPage":{"@id":"https:\/\/epithelia.ca\/en\/blogue\/banane-brune-jaune-ou-verte\/#mainImage"},"datePublished":"2024-09-30T11:28:00-04:00","dateModified":"2024-10-16T09:52:17-04:00"},{"@type":"WebSite","@id":"https:\/\/epithelia.ca\/en\/#website","url":"https:\/\/epithelia.ca\/en\/","name":"Clinique \u00c9pith\u00e9lia","alternateName":"Clinique de sant\u00e9 digestive","description":"\u00c9quipe de nutritionnistes experts en sant\u00e9 du microbiote","inLanguage":"en-US","publisher":{"@id":"https:\/\/epithelia.ca\/en\/#organization"}}]},"og:locale":"en_US","og:site_name":"Clinique \u00c9pith\u00e9lia - \u00c9quipe de nutritionnistes experts en sant\u00e9 du microbiote","og:type":"article","og:title":"Banane brune, jaune ou verte? - Clinique \u00c9pith\u00e9lia","og:description":"Sympt\u00f4mes intestinaux, ballonnements, gaz, SII et vous vous demandez si la banane vous convient? La composition en diff\u00e9rents sucres varie selon la couleur","og:url":"https:\/\/epithelia.ca\/en\/blogue\/banane-brune-jaune-ou-verte\/","og:image":"https:\/\/epithelia.ca\/wp-content\/uploads\/2024\/08\/Capture-decran-le-2024-08-21-a-10.54.24.png","og:image:secure_url":"https:\/\/epithelia.ca\/wp-content\/uploads\/2024\/08\/Capture-decran-le-2024-08-21-a-10.54.24.png","og:image:width":1152,"og:image:height":749,"article:published_time":"2024-09-30T15:28:00+00:00","article:modified_time":"2024-10-16T13:52:17+00:00","article:publisher":"https:\/\/www.facebook.com\/profile.php?id=61560378100335&mibextid=LQQJ4d","twitter:card":"summary_large_image","twitter:title":"Banane brune, jaune ou verte? - Clinique \u00c9pith\u00e9lia","twitter:description":"Sympt\u00f4mes intestinaux, ballonnements, gaz, SII et vous vous demandez si la banane vous convient? La composition en diff\u00e9rents sucres varie selon la couleur","twitter:image":"https:\/\/epithelia.ca\/wp-content\/uploads\/2024\/04\/Epithelia-clinique-sante-digestive.jpg"},"aioseo_meta_data":{"post_id":"4408163","title":null,"description":"Intestinal symptoms, bloating, gas, IBS and you're wondering if bananas are right for you? The composition of different sugars varies according to color","keywords":null,"keyphrases":{"focus":{"keyphrase":"","score":0,"analysis":{"keyphraseInTitle":{"score":0,"maxScore":9,"error":1}}},"additional":[]},"primary_term":null,"canonical_url":null,"og_title":null,"og_description":null,"og_object_type":"default","og_image_type":"default","og_image_url":null,"og_image_width":null,"og_image_height":null,"og_image_custom_url":null,"og_image_custom_fields":null,"og_video":"","og_custom_url":null,"og_article_section":null,"og_article_tags":null,"twitter_use_og":false,"twitter_card":"default","twitter_image_type":"default","twitter_image_url":null,"twitter_image_custom_url":null,"twitter_image_custom_fields":null,"twitter_title":null,"twitter_description":null,"schema":{"blockGraphs":[],"customGraphs":[],"default":{"data":{"Article":[],"Course":[],"Dataset":[],"FAQPage":[],"Movie":[],"Person":[],"Product":[],"ProductReview":[],"Car":[],"Recipe":[],"Service":[],"SoftwareApplication":[],"WebPage":[]},"graphName":"BlogPosting","isEnabled":true},"graphs":[]},"schema_type":"default","schema_type_options":null,"pillar_content":false,"robots_default":true,"robots_noindex":false,"robots_noarchive":false,"robots_nosnippet":false,"robots_nofollow":false,"robots_noimageindex":false,"robots_noodp":false,"robots_notranslate":false,"robots_max_snippet":"-1","robots_max_videopreview":"-1","robots_max_imagepreview":"large","priority":null,"frequency":"default","local_seo":null,"breadcrumb_settings":null,"limit_modified_date":false,"ai":null,"created":"2024-08-21 14:56:17","updated":"2025-06-04 13:36:10","focus_keyword":null,"additional_keywords":null,"truseo_locale":null,"seo_analyzer_scan_date":null},"aioseo_breadcrumb":"<div class=\"aioseo-breadcrumbs\"><span class=\"aioseo-breadcrumb\">\n\t\t\t<a href=\"https:\/\/epithelia.ca\/en\" title=\"Domicile\">Domicile<\/a>\n\t\t<\/span><span class=\"aioseo-breadcrumb-separator\">&raquo;<\/span><span class=\"aioseo-breadcrumb\">\n\t\t\t<a href=\"https:\/\/epithelia.ca\/en\/category\/blogue\/\" title=\"Blogue\">Blogue<\/a>\n\t\t<\/span><span class=\"aioseo-breadcrumb-separator\">&raquo;<\/span><span class=\"aioseo-breadcrumb\">\n\t\t\t<a href=\"https:\/\/epithelia.ca\/en\/category\/blogue\/sante-digestive\/\" title=\"Sant\u00e9 digestive\">Sant\u00e9 digestive<\/a>\n\t\t<\/span><span class=\"aioseo-breadcrumb-separator\">&raquo;<\/span><span class=\"aioseo-breadcrumb\">\n\t\t\tBanane brune, jaune ou verte?\n\t\t<\/span><\/div>","aioseo_breadcrumb_json":[{"label":"Domicile","link":"https:\/\/epithelia.ca\/en"},{"label":"Blogue","link":"https:\/\/epithelia.ca\/en\/category\/blogue\/"},{"label":"Sant\u00e9 digestive","link":"https:\/\/epithelia.ca\/en\/category\/blogue\/sante-digestive\/"},{"label":"Banane brune, jaune ou verte?","link":"https:\/\/epithelia.ca\/en\/blogue\/banane-brune-jaune-ou-verte\/"}],"_links":{"self":[{"href":"https:\/\/epithelia.ca\/en\/wp-json\/wp\/v2\/posts\/4408163","targetHints":{"allow":["GET"]}}],"collection":[{"href":"https:\/\/epithelia.ca\/en\/wp-json\/wp\/v2\/posts"}],"about":[{"href":"https:\/\/epithelia.ca\/en\/wp-json\/wp\/v2\/types\/post"}],"author":[{"embeddable":true,"href":"https:\/\/epithelia.ca\/en\/wp-json\/wp\/v2\/users\/3"}],"replies":[{"embeddable":true,"href":"https:\/\/epithelia.ca\/en\/wp-json\/wp\/v2\/comments?post=4408163"}],"version-history":[{"count":1,"href":"https:\/\/epithelia.ca\/en\/wp-json\/wp\/v2\/posts\/4408163\/revisions"}],"predecessor-version":[{"id":4409361,"href":"https:\/\/epithelia.ca\/en\/wp-json\/wp\/v2\/posts\/4408163\/revisions\/4409361"}],"wp:featuredmedia":[{"embeddable":true,"href":"https:\/\/epithelia.ca\/en\/wp-json\/wp\/v2\/media\/4408164"}],"wp:attachment":[{"href":"https:\/\/epithelia.ca\/en\/wp-json\/wp\/v2\/media?parent=4408163"}],"wp:term":[{"taxonomy":"category","embeddable":true,"href":"https:\/\/epithelia.ca\/en\/wp-json\/wp\/v2\/categories?post=4408163"},{"taxonomy":"post_tag","embeddable":true,"href":"https:\/\/epithelia.ca\/en\/wp-json\/wp\/v2\/tags?post=4408163"}],"curies":[{"name":"wp","href":"https:\/\/api.w.org\/{rel}","templated":true}]}}