{"id":4409147,"date":"2024-10-05T19:27:56","date_gmt":"2024-10-05T23:27:56","guid":{"rendered":"https:\/\/epithelia.ca\/?p=4409147"},"modified":"2024-10-16T09:47:53","modified_gmt":"2024-10-16T13:47:53","slug":"carotenoids-and-vitamin-a","status":"publish","type":"post","link":"https:\/\/epithelia.ca\/en\/blogue\/carotenoides-et-vitamine-a\/","title":{"rendered":"Carotenoids and vitamin A"},"content":{"rendered":"\n[et_pb_section fb_built=\u00a0\u00bb1&Prime; theme_builder_area=\u00a0\u00bbpost_content\u00a0\u00bb _builder_version=\u00a0\u00bb4.27.2&Prime; _module_preset=\u00a0\u00bbdefault\u00a0\u00bb][et_pb_row _builder_version=\u00a0\u00bb4.27.2&Prime; _module_preset=\u00a0\u00bbdefault\u00a0\u00bb theme_builder_area=\u00a0\u00bbpost_content\u00a0\u00bb][et_pb_column _builder_version=\u00a0\u00bb4.27.2&Prime; _module_preset=\u00a0\u00bbdefault\u00a0\u00bb type=\u00a0\u00bb4_4&Prime; theme_builder_area=\u00a0\u00bbpost_content\u00a0\u00bb][et_pb_text _builder_version=\u00a0\u00bb4.27.2&Prime; _module_preset=\u00a0\u00bbdefault\u00a0\u00bb theme_builder_area=\u00a0\u00bbpost_content\u00a0\u00bb hover_enabled=\u00a0\u00bb0&Prime; sticky_enabled=\u00a0\u00bb0&Prime;]<h3 style=\"text-align: justify;\"><strong>Les suppl\u00e9ments de carot\u00e9no\u00efdes et les suppl\u00e9ments de vitamine A, quoi en penser?<\/strong><\/h3>\n<p style=\"text-align: justify;\">Antioxydants, peau radieuse, d\u00e9fense immunitaire, vision r\u00e9volutionnaire&#8230; Remettons les pendules \u00e0 l\u2019heure en ce qui concerne la vitamine A et les carot\u00e9no\u00efdes!<\/p>[\/et_pb_text][\/et_pb_column][\/et_pb_row][et_pb_row _builder_version=\u00a0\u00bb4.27.2&Prime; _module_preset=\u00a0\u00bbdefault\u00a0\u00bb theme_builder_area=\u00a0\u00bbpost_content\u00a0\u00bb][et_pb_column _builder_version=\u00a0\u00bb4.27.2&Prime; _module_preset=\u00a0\u00bbdefault\u00a0\u00bb type=\u00a0\u00bb4_4&Prime; theme_builder_area=\u00a0\u00bbpost_content\u00a0\u00bb][et_pb_text _builder_version=\u00a0\u00bb4.27.2&Prime; _module_preset=\u00a0\u00bbdefault\u00a0\u00bb theme_builder_area=\u00a0\u00bbpost_content\u00a0\u00bb hover_enabled=\u00a0\u00bb0&Prime; sticky_enabled=\u00a0\u00bb0&Prime;]<h2><strong>Vitamine A<\/strong><\/h2>\n<p style=\"text-align: justify;\">Contrairement \u00e0 plusieurs vitamines qui sont hydrosolubles, la vitamine A est une vitamine liposoluble (tout comme les <span style=\"text-decoration: underline;\"><a href=\"https:\/\/epithelia.ca\/blogue\/la-vitamine-d-quoi-de-neuf\/\">vitamines D<\/a><\/span>, E et K), c\u2019est-\u00e0-dire que le corps peut en faire des r\u00e9serves. Une fois absorb\u00e9e, la vitamine A peut \u00eatre stock\u00e9e dans le foie ou transport\u00e9e pour effectuer ses fonctions dans les tissus cibles.<\/p>\n<p>&nbsp;<\/p>\n<h3>Vision et vitamine A<\/h3>[\/et_pb_text][\/et_pb_column][\/et_pb_row][et_pb_row _builder_version=\u00a0\u00bb4.27.2&Prime; _module_preset=\u00a0\u00bbdefault\u00a0\u00bb column_structure=\u00a0\u00bb3_5,2_5&Prime; theme_builder_area=\u00a0\u00bbpost_content\u00a0\u00bb][et_pb_column _builder_version=\u00a0\u00bb4.27.2&Prime; _module_preset=\u00a0\u00bbdefault\u00a0\u00bb type=\u00a0\u00bb3_5&Prime; theme_builder_area=\u00a0\u00bbpost_content\u00a0\u00bb][et_pb_text _builder_version=\u00a0\u00bb4.27.2&Prime; _module_preset=\u00a0\u00bbdefault\u00a0\u00bb theme_builder_area=\u00a0\u00bbpost_content\u00a0\u00bb hover_enabled=\u00a0\u00bb0&Prime; sticky_enabled=\u00a0\u00bb0&Prime;]<p style=\"text-align: justify;\">La vitamine A est bien connue pour \u00eatre la vitamine de la vision. En effet, elle permet de supporter la sant\u00e9 oculaire. Le r\u00e9tinal (issu de la vitamine A) est un composant de la r\u00e9tine de l\u2019\u0153il et permet d\u2019assurer le processus de la vision nocturne. Toutefois, <strong>en aucun cas, un surplus de vitamine A peut \u00ab augmenter la vision \u00bb ou renverser un probl\u00e8me oculaire.<\/strong><\/p>[\/et_pb_text][\/et_pb_column][et_pb_column _builder_version=\u00a0\u00bb4.27.2&Prime; _module_preset=\u00a0\u00bbdefault\u00a0\u00bb type=\u00a0\u00bb2_5&Prime; theme_builder_area=\u00a0\u00bbpost_content\u00a0\u00bb][et_pb_image src=\u00a0\u00bbhttps:\/\/epithelia.ca\/wp-content\/uploads\/2024\/10\/Capture-decran-le-2024-10-05-a-19.03.21.png\u00a0\u00bb _builder_version=\u00a0\u00bb4.27.2&Prime; _module_preset=\u00a0\u00bbdefault\u00a0\u00bb theme_builder_area=\u00a0\u00bbpost_content\u00a0\u00bb alt=\u00a0\u00bbVitamine A et vision. Mythe ou r\u00e9alit\u00e9 ?\u00a0\u00bb title_text=\u00a0\u00bbVitamine A et vision. Mythe ou r\u00e9alit\u00e9 ?\u00a0\u00bb hover_enabled=\u00a0\u00bb0&Prime; sticky_enabled=\u00a0\u00bb0&Prime;][\/et_pb_image][\/et_pb_column][\/et_pb_row][et_pb_row _builder_version=\u00a0\u00bb4.27.2&Prime; _module_preset=\u00a0\u00bbdefault\u00a0\u00bb theme_builder_area=\u00a0\u00bbpost_content\u00a0\u00bb][et_pb_column _builder_version=\u00a0\u00bb4.27.2&Prime; _module_preset=\u00a0\u00bbdefault\u00a0\u00bb type=\u00a0\u00bb4_4&Prime; theme_builder_area=\u00a0\u00bbpost_content\u00a0\u00bb][et_pb_text _builder_version=\u00a0\u00bb4.27.2&Prime; _module_preset=\u00a0\u00bbdefault\u00a0\u00bb theme_builder_area=\u00a0\u00bbpost_content\u00a0\u00bb hover_enabled=\u00a0\u00bb0&Prime; sticky_enabled=\u00a0\u00bb0&Prime;]<h3>Modulateur de g\u00e8nes<\/h3>\n<p>L\u2019acide r\u00e9tino\u00efde issu de la vitamine A est&#8230; une hormone ! C&rsquo;est donc dire qu\u2019il a la capacit\u00e9 de moduler les g\u00e8nes de certaines cellules.<\/p>[\/et_pb_text][\/et_pb_column][\/et_pb_row][et_pb_row _builder_version=\u00a0\u00bb4.27.2&Prime; _module_preset=\u00a0\u00bbdefault\u00a0\u00bb column_structure=\u00a0\u00bb3_5,2_5&Prime; theme_builder_area=\u00a0\u00bbpost_content\u00a0\u00bb][et_pb_column _builder_version=\u00a0\u00bb4.27.2&Prime; _module_preset=\u00a0\u00bbdefault\u00a0\u00bb type=\u00a0\u00bb3_5&Prime; theme_builder_area=\u00a0\u00bbpost_content\u00a0\u00bb][et_pb_text _builder_version=\u00a0\u00bb4.27.2&Prime; _module_preset=\u00a0\u00bbdefault\u00a0\u00bb theme_builder_area=\u00a0\u00bbpost_content\u00a0\u00bb hover_enabled=\u00a0\u00bb0&Prime; sticky_enabled=\u00a0\u00bb0&Prime;]<p style=\"text-align: justify;\">C\u2019est pour cette raison qu\u2019elle est pr\u00e9sente dans <span style=\"text-decoration: underline;\"><a href=\"https:\/\/epithelia.ca\/blogue\/sante-de-la-peau-et-microbiote\/\">produits de beaut\u00e9<\/a><\/span>! L\u2019acide r\u00e9tino\u00efque module l\u2019expression des g\u00e8nes des cellules de la peau, assurant leur croissance et leur diff\u00e9renciation. On parle ici, de la peau du visage et du corps, mais aussi de la corn\u00e9e et des tissus \u00e9pith\u00e9liaux (ex. poumon, syst\u00e8me digestif). Ainsi, on comprend que la vitamine A, par le biais, \u00e0 un r\u00f4le \u00e0 jouer au niveau de la sant\u00e9 immunitaire!<\/p>[\/et_pb_text][\/et_pb_column][et_pb_column _builder_version=\u00a0\u00bb4.27.2&Prime; _module_preset=\u00a0\u00bbdefault\u00a0\u00bb type=\u00a0\u00bb2_5&Prime; theme_builder_area=\u00a0\u00bbpost_content\u00a0\u00bb][et_pb_image src=\u00a0\u00bbhttps:\/\/epithelia.ca\/wp-content\/uploads\/2024\/10\/Capture-decran-le-2024-10-05-a-19.02.51.png\u00a0\u00bb _builder_version=\u00a0\u00bb4.27.2&Prime; _module_preset=\u00a0\u00bbdefault\u00a0\u00bb theme_builder_area=\u00a0\u00bbpost_content\u00a0\u00bb alt=\u00a0\u00bbSant\u00e9 de la peau et acide r\u00e9tino\u00efque (modulateur de g\u00e8nes)\u00a0\u00bb title_text=\u00a0\u00bbSant\u00e9 de la peau et acide r\u00e9tino\u00efque (modulateur de g\u00e8nes)\u00a0\u00bb hover_enabled=\u00a0\u00bb0&Prime; sticky_enabled=\u00a0\u00bb0&Prime;][\/et_pb_image][\/et_pb_column][\/et_pb_row][et_pb_row _builder_version=\u00a0\u00bb4.27.2&Prime; _module_preset=\u00a0\u00bbdefault\u00a0\u00bb theme_builder_area=\u00a0\u00bbpost_content\u00a0\u00bb][et_pb_column _builder_version=\u00a0\u00bb4.27.2&Prime; _module_preset=\u00a0\u00bbdefault\u00a0\u00bb type=\u00a0\u00bb4_4&Prime; theme_builder_area=\u00a0\u00bbpost_content\u00a0\u00bb][et_pb_text _builder_version=\u00a0\u00bb4.27.2&Prime; _module_preset=\u00a0\u00bbdefault\u00a0\u00bb theme_builder_area=\u00a0\u00bbpost_content\u00a0\u00bb hover_enabled=\u00a0\u00bb0&Prime; sticky_enabled=\u00a0\u00bb0&Prime;]<h3>Pourquoi une femme enceinte ne peut pas manger de foie?\u00a0<\/h3>\n<p><span data-contrast=\"auto\">La vitamine A est n\u00e9cessaire pour assurer le d\u00e9veloppement de l\u2019embryon dans un contexte de grossesse.\u00a0<\/span><span data-ccp-props=\"{&quot;134245418&quot;:true,&quot;134245529&quot;:true,&quot;201341983&quot;:0,&quot;335551550&quot;:6,&quot;335551620&quot;:6,&quot;335559739&quot;:160,&quot;335559740&quot;:279}\">\u00a0<\/span><\/p>\n<p><span data-contrast=\"auto\">Alors, pourquoi un suppl\u00e9ment ou encore du foie (tr\u00e8s riche en r\u00e9tinol; vitamine A) ne pourrait \u00eatre b\u00e9n\u00e9fique?<\/span><span data-ccp-props=\"{&quot;134245418&quot;:true,&quot;134245529&quot;:true,&quot;201341983&quot;:0,&quot;335551550&quot;:6,&quot;335551620&quot;:6,&quot;335559739&quot;:160,&quot;335559740&quot;:279}\">\u00a0<\/span><\/p>[\/et_pb_text][\/et_pb_column][\/et_pb_row][et_pb_row _builder_version=\u00a0\u00bb4.27.2&Prime; _module_preset=\u00a0\u00bbdefault\u00a0\u00bb column_structure=\u00a0\u00bb3_5,2_5&Prime; theme_builder_area=\u00a0\u00bbpost_content\u00a0\u00bb][et_pb_column _builder_version=\u00a0\u00bb4.27.2&Prime; _module_preset=\u00a0\u00bbdefault\u00a0\u00bb type=\u00a0\u00bb3_5&Prime; theme_builder_area=\u00a0\u00bbpost_content\u00a0\u00bb][et_pb_text _builder_version=\u00a0\u00bb4.27.2&Prime; _module_preset=\u00a0\u00bbdefault\u00a0\u00bb theme_builder_area=\u00a0\u00bbpost_content\u00a0\u00bb hover_enabled=\u00a0\u00bb0&Prime; sticky_enabled=\u00a0\u00bb0&Prime;]<p style=\"text-align: justify;\"><span data-contrast=\"auto\" xml:lang=\"FR-FR\" lang=\"FR-FR\" class=\"TextRun SCXW146167733 BCX4\"><span class=\"NormalTextRun SCXW146167733 BCX4\">Bien qu\u2019<\/span><span class=\"NormalTextRun SCXW146167733 BCX4\">une carence en vitamine A indui<\/span><span class=\"NormalTextRun SCXW146167733 BCX4\">se<\/span><span class=\"NormalTextRun SCXW146167733 BCX4\"> une malformation de l\u2019embryon, un exc\u00e8s <\/span><span class=\"NormalTextRun SCXW146167733 BCX4\">produit<\/span><span class=\"NormalTextRun SCXW146167733 BCX4\"> le m\u00eame <\/span><span class=\"NormalTextRun ContextualSpellingAndGrammarErrorV2Themed SCXW146167733 BCX4\">effet!<\/span><span class=\"NormalTextRun SCXW146167733 BCX4\"> <\/span><span class=\"NormalTextRun SCXW146167733 BCX4\">Un exc\u00e8s de r\u00e9tinol entra<\/span><span class=\"NormalTextRun SCXW146167733 BCX4\">\u00ee<\/span><span class=\"NormalTextRun SCXW146167733 BCX4\">ne <\/span><span class=\"NormalTextRun SCXW146167733 BCX4\">une expression inappropri\u00e9<\/span><span class=\"NormalTextRun SCXW146167733 BCX4\">e des g<\/span><span class=\"NormalTextRun SCXW146167733 BCX4\">\u00e8nes<\/span><span class=\"NormalTextRun SCXW146167733 BCX4\"> rendant l\u2019embryon inapte. <\/span><span class=\"NormalTextRun SCXW146167733 BCX4\">C\u2019est pour cela qu\u2019il est <\/span><span class=\"NormalTextRun SCXW146167733 BCX4\">recommand\u00e9 que <\/span><span class=\"NormalTextRun SCXW146167733 BCX4\">les femmes enceinte<\/span><span class=\"NormalTextRun SCXW146167733 BCX4\">s<\/span><span class=\"NormalTextRun SCXW146167733 BCX4\"> ne<\/span><span class=\"NormalTextRun SCXW146167733 BCX4\"> consomment pas de <\/span><span class=\"NormalTextRun ContextualSpellingAndGrammarErrorV2Themed SCXW146167733 BCX4\">foie<\/span><span class=\"NormalTextRun ContextualSpellingAndGrammarErrorV2Themed SCXW146167733 BCX4\">!<\/span><\/span><span class=\"EOP SCXW146167733 BCX4\" data-ccp-props=\"{&quot;134245418&quot;:true,&quot;134245529&quot;:true,&quot;201341983&quot;:0,&quot;335551550&quot;:6,&quot;335551620&quot;:6,&quot;335559739&quot;:160,&quot;335559740&quot;:279}\">\u00a0<\/span><\/p>[\/et_pb_text][\/et_pb_column][et_pb_column _builder_version=\u00a0\u00bb4.27.2&Prime; _module_preset=\u00a0\u00bbdefault\u00a0\u00bb type=\u00a0\u00bb2_5&Prime; theme_builder_area=\u00a0\u00bbpost_content\u00a0\u00bb][et_pb_image src=\u00a0\u00bbhttps:\/\/epithelia.ca\/wp-content\/uploads\/2024\/10\/Capture-decran-le-2024-10-05-a-19.09.16.png\u00a0\u00bb _builder_version=\u00a0\u00bb4.27.2&Prime; _module_preset=\u00a0\u00bbdefault\u00a0\u00bb theme_builder_area=\u00a0\u00bbpost_content\u00a0\u00bb alt=\u00a0\u00bbPourquoi une femme enceinte ne peut pas manger de foie? \u00a0\u00bb title_text=\u00a0\u00bbPourquoi une femme enceinte ne peut pas manger de foie? \u00a0\u00bb hover_enabled=\u00a0\u00bb0&Prime; sticky_enabled=\u00a0\u00bb0&Prime;][\/et_pb_image][\/et_pb_column][\/et_pb_row][et_pb_row _builder_version=\u00a0\u00bb4.27.2&Prime; _module_preset=\u00a0\u00bbdefault\u00a0\u00bb theme_builder_area=\u00a0\u00bbpost_content\u00a0\u00bb background_color=\u00a0\u00bb#BDE2D3&Prime; hover_enabled=\u00a0\u00bb0&Prime; sticky_enabled=\u00a0\u00bb0&Prime;][et_pb_column _builder_version=\u00a0\u00bb4.27.2&Prime; _module_preset=\u00a0\u00bbdefault\u00a0\u00bb type=\u00a0\u00bb4_4&Prime; theme_builder_area=\u00a0\u00bbpost_content\u00a0\u00bb][et_pb_text _builder_version=\u00a0\u00bb4.27.2&Prime; _module_preset=\u00a0\u00bbdefault\u00a0\u00bb theme_builder_area=\u00a0\u00bbpost_content\u00a0\u00bb hover_enabled=\u00a0\u00bb0&Prime; sticky_enabled=\u00a0\u00bb0&Prime;]<h3 style=\"text-align: justify;\">Suppl\u00e9ments de vitamine A\u00a0<\/h3>\n<p style=\"text-align: justify;\"><span data-contrast=\"auto\">\u00c0 la lumi\u00e8re de toutes ces informations, vous aurez compris que les suppl\u00e9ments de vitamine A ne devraient pas \u00eatre pris sur une base quotidienne chez une personne en bonne sant\u00e9, \u00e0 moins d\u2019un avis m\u00e9dical qui le recommande.\u00a0<\/span><span data-ccp-props=\"{&quot;134245418&quot;:true,&quot;134245529&quot;:true,&quot;201341983&quot;:0,&quot;335551550&quot;:6,&quot;335551620&quot;:6,&quot;335559739&quot;:160,&quot;335559740&quot;:279}\">\u00a0<\/span><\/p>\n<p style=\"text-align: justify;\"><span data-contrast=\"auto\">La vitamine A est l\u2019une des vitamines les plus toxiques causant de graves effets ind\u00e9sirables si elle est consomm\u00e9e en exc\u00e8s (via des suppl\u00e9ments, notamment).<\/span><\/p>[\/et_pb_text][\/et_pb_column][\/et_pb_row][et_pb_row _builder_version=\u00a0\u00bb4.27.2&Prime; _module_preset=\u00a0\u00bbdefault\u00a0\u00bb theme_builder_area=\u00a0\u00bbpost_content\u00a0\u00bb][et_pb_column _builder_version=\u00a0\u00bb4.27.2&Prime; _module_preset=\u00a0\u00bbdefault\u00a0\u00bb type=\u00a0\u00bb4_4&Prime; theme_builder_area=\u00a0\u00bbpost_content\u00a0\u00bb][et_pb_text _builder_version=\u00a0\u00bb4.27.2&Prime; _module_preset=\u00a0\u00bbdefault\u00a0\u00bb theme_builder_area=\u00a0\u00bbpost_content\u00a0\u00bb hover_enabled=\u00a0\u00bb0&Prime; sticky_enabled=\u00a0\u00bb0&Prime;]<h2><b><span data-contrast=\"auto\">Carot\u00e9no\u00efdes<\/span><\/b><span data-ccp-props=\"{&quot;134245418&quot;:true,&quot;134245529&quot;:true,&quot;201341983&quot;:0,&quot;335551550&quot;:6,&quot;335551620&quot;:6,&quot;335559739&quot;:160,&quot;335559740&quot;:279}\">\u00a0<\/span><\/h2>\n<p style=\"text-align: justify;\"><span data-contrast=\"auto\">Les carot\u00e9no\u00efdes sont des compos\u00e9s phytochimiques non essentiels, mais qui s\u2019av\u00e8rent b\u00e9n\u00e9fiques. Les carot\u00e9no\u00efdes, dit <\/span><i><span data-contrast=\"auto\">provitamine A<\/span><\/i><span data-contrast=\"auto\">, peuvent \u00eatre bio-convertis en r\u00e9tinol (vitamine A) \u00e0 un taux de conversion variable. On parle ici, notamment des b\u00eata-carot\u00e8nes issus des carottes, des courges, de la mangue, de l\u2019abricot, des figues, des poivrons rouges et des l\u00e9gumes verts.\u00a0<\/span><span data-ccp-props=\"{&quot;134245418&quot;:true,&quot;134245529&quot;:true,&quot;201341983&quot;:0,&quot;335551550&quot;:6,&quot;335551620&quot;:6,&quot;335559739&quot;:160,&quot;335559740&quot;:279}\">\u00a0<\/span><\/p>\n<p style=\"text-align: justify;\"><span data-contrast=\"auto\">En contrepartie, d\u2019autres carot\u00e9no\u00efdes ne sont pas provitamines A. On parle ici de la lut\u00e9ine et z\u00e9axantine (pr\u00e9sents dans les v\u00e9g\u00e9taux \u00e0 feuilles vertes, le jaune d\u2019\u0153uf, la patate douce, les ma\u00efs et les agrumes), de l\u2019astaxanthine (pr\u00e9sents dans le saumon, la truite et les crevettes) et du lycop\u00e8ne (pr\u00e9sents dans les tomates, le melon d\u2019eau, le pamplemousse, l\u2019abricot et la papaye). Ceux-ci sont consid\u00e9r\u00e9s comme des <\/span><span style=\"text-decoration: underline;\"><a href=\"https:\/\/epithelia.ca\/blogue\/neuronutrition-limportance-des-fruits-et-legumes\/\">antioxydants<\/a><\/span><span data-contrast=\"auto\">. Il logent dans les membranes et prot\u00e8gent celles-ci de l\u2019oxydation excessive.\u00a0<\/span><span data-ccp-props=\"{&quot;134245418&quot;:true,&quot;134245529&quot;:true,&quot;201341983&quot;:0,&quot;335551550&quot;:6,&quot;335551620&quot;:6,&quot;335559739&quot;:160,&quot;335559740&quot;:279}\">\u00a0<\/span><\/p>[\/et_pb_text][\/et_pb_column][\/et_pb_row][et_pb_row _builder_version=\u00a0\u00bb4.27.2&Prime; _module_preset=\u00a0\u00bbdefault\u00a0\u00bb column_structure=\u00a0\u00bb1_2,1_2&Prime; theme_builder_area=\u00a0\u00bbpost_content\u00a0\u00bb][et_pb_column _builder_version=\u00a0\u00bb4.27.2&Prime; _module_preset=\u00a0\u00bbdefault\u00a0\u00bb type=\u00a0\u00bb1_2&Prime; theme_builder_area=\u00a0\u00bbpost_content\u00a0\u00bb][et_pb_image src=\u00a0\u00bbhttps:\/\/epithelia.ca\/wp-content\/uploads\/2024\/10\/Capture-decran-le-2024-10-05-a-19.13.09.png\u00a0\u00bb _builder_version=\u00a0\u00bb4.27.2&Prime; _module_preset=\u00a0\u00bbdefault\u00a0\u00bb theme_builder_area=\u00a0\u00bbpost_content\u00a0\u00bb alt=\u00a0\u00bbCarot\u00e9no\u00efdes\u00a0\u00bb title_text=\u00a0\u00bbCarot\u00e9no\u00efdes\u00a0\u00bb hover_enabled=\u00a0\u00bb0&Prime; sticky_enabled=\u00a0\u00bb0&Prime;][\/et_pb_image][\/et_pb_column][et_pb_column _builder_version=\u00a0\u00bb4.27.2&Prime; _module_preset=\u00a0\u00bbdefault\u00a0\u00bb type=\u00a0\u00bb1_2&Prime; theme_builder_area=\u00a0\u00bbpost_content\u00a0\u00bb][et_pb_image src=\u00a0\u00bbhttps:\/\/epithelia.ca\/wp-content\/uploads\/2024\/10\/Capture-decran-le-2024-10-05-a-19.13.24.png\u00a0\u00bb _builder_version=\u00a0\u00bb4.27.2&Prime; _module_preset=\u00a0\u00bbdefault\u00a0\u00bb theme_builder_area=\u00a0\u00bbpost_content\u00a0\u00bb alt=\u00a0\u00bbCarot\u00e9no\u00efdes\u00a0\u00bb title_text=\u00a0\u00bbCarot\u00e9no\u00efdes\u00a0\u00bb hover_enabled=\u00a0\u00bb0&Prime; sticky_enabled=\u00a0\u00bb0&Prime;][\/et_pb_image][\/et_pb_column][\/et_pb_row][et_pb_row _builder_version=\u00a0\u00bb4.27.2&Prime; _module_preset=\u00a0\u00bbdefault\u00a0\u00bb theme_builder_area=\u00a0\u00bbpost_content\u00a0\u00bb][et_pb_column _builder_version=\u00a0\u00bb4.27.2&Prime; _module_preset=\u00a0\u00bbdefault\u00a0\u00bb type=\u00a0\u00bb4_4&Prime; theme_builder_area=\u00a0\u00bbpost_content\u00a0\u00bb][et_pb_text _builder_version=\u00a0\u00bb4.27.2&Prime; _module_preset=\u00a0\u00bbdefault\u00a0\u00bb theme_builder_area=\u00a0\u00bbpost_content\u00a0\u00bb hover_enabled=\u00a0\u00bb0&Prime; sticky_enabled=\u00a0\u00bb0&Prime;]<h3>En manger plus&#8230; pour en absorber moins&#8230;\u00a0<\/h3>\n<p style=\"text-align: justify;\"><span data-contrast=\"auto\">Envie de se <\/span><i><span data-contrast=\"auto\">booster<\/span><\/i><span data-contrast=\"auto\"> en antioxydant? Cela s\u2019av\u00e8re plut\u00f4t contreproductif. En effet, la biodisponibilit\u00e9 des carot\u00e9no\u00efdes, c\u2019est-\u00e0-dire la capacit\u00e9 du corps \u00e0 les absorber, est variable. Par exemple, plus on ing\u00e8re un haut volume de carot\u00e9no\u00efdes non-provitamine A, moins on en absorbe!\u00a0<\/span><span data-ccp-props=\"{&quot;134245418&quot;:true,&quot;134245529&quot;:true,&quot;201341983&quot;:0,&quot;335551550&quot;:6,&quot;335551620&quot;:6,&quot;335559739&quot;:160,&quot;335559740&quot;:279}\">\u00a0<\/span><\/p>\n<h3>La tomate cuite est meilleure que la tomate crue?\u00a0<\/h3>[\/et_pb_text][\/et_pb_column][\/et_pb_row][et_pb_row _builder_version=\u00a0\u00bb4.27.2&Prime; _module_preset=\u00a0\u00bbdefault\u00a0\u00bb column_structure=\u00a0\u00bb2_3,1_3&Prime; theme_builder_area=\u00a0\u00bbpost_content\u00a0\u00bb][et_pb_column _builder_version=\u00a0\u00bb4.27.2&Prime; _module_preset=\u00a0\u00bbdefault\u00a0\u00bb type=\u00a0\u00bb2_3&Prime; theme_builder_area=\u00a0\u00bbpost_content\u00a0\u00bb][et_pb_text _builder_version=\u00a0\u00bb4.27.2&Prime; _module_preset=\u00a0\u00bbdefault\u00a0\u00bb theme_builder_area=\u00a0\u00bbpost_content\u00a0\u00bb hover_enabled=\u00a0\u00bb0&Prime; sticky_enabled=\u00a0\u00bb0&Prime;]<p style=\"text-align: justify;\"><span data-contrast=\"auto\" xml:lang=\"FR-FR\" lang=\"FR-FR\" class=\"TextRun SCXW215305543 BCX4\"><span class=\"NormalTextRun SCXW215305543 BCX4\">Cette affirmation provient du fait que la cuisson des v\u00e9g\u00e9taux (dont les tomates) affaiblit la matrice fibreuse, augmentant ainsi la biodisponibilit\u00e9 des carot\u00e9no\u00efdes. <\/span><span class=\"NormalTextRun SCXW215305543 BCX4\">Par ailleurs, l\u2019ingestion simultan\u00e9<\/span><span class=\"NormalTextRun SCXW215305543 BCX4\">e<\/span><span class=\"NormalTextRun SCXW215305543 BCX4\"> de lipides (ex<\/span><span class=\"NormalTextRun SCXW215305543 BCX4\">. <\/span><span class=\"NormalTextRun SCXW215305543 BCX4\">frites de patate douce<\/span><span class=\"NormalTextRun SCXW215305543 BCX4\"> ou <\/span><span class=\"NormalTextRun SCXW215305543 BCX4\">salade de carottes <\/span><span class=\"NormalTextRun SCXW215305543 BCX4\">avec de l\u2019huile d\u2019olive<\/span><span class=\"NormalTextRun SCXW215305543 BCX4\">) augmente la <\/span><span class=\"NormalTextRun SCXW215305543 BCX4\">biodisponibilit\u00e9<\/span><span class=\"NormalTextRun SCXW215305543 BCX4\"> des carot\u00e9no\u00efdes.\u00a0<\/span><\/span><span class=\"EOP SCXW215305543 BCX4\" data-ccp-props=\"{&quot;134245418&quot;:true,&quot;134245529&quot;:true,&quot;201341983&quot;:0,&quot;335551550&quot;:6,&quot;335551620&quot;:6,&quot;335559739&quot;:160,&quot;335559740&quot;:279}\">\u00a0<\/span><\/p>[\/et_pb_text][\/et_pb_column][et_pb_column _builder_version=\u00a0\u00bb4.27.2&Prime; _module_preset=\u00a0\u00bbdefault\u00a0\u00bb type=\u00a0\u00bb1_3&Prime; theme_builder_area=\u00a0\u00bbpost_content\u00a0\u00bb][et_pb_image src=\u00a0\u00bbhttps:\/\/epithelia.ca\/wp-content\/uploads\/2024\/10\/Capture-decran-le-2024-10-05-a-19.17.13.png\u00a0\u00bb _builder_version=\u00a0\u00bb4.27.2&Prime; _module_preset=\u00a0\u00bbdefault\u00a0\u00bb theme_builder_area=\u00a0\u00bbpost_content\u00a0\u00bb alt=\u00a0\u00bbTomate crue ou cuite ?\u00a0\u00bb title_text=\u00a0\u00bbTomate crue ou cuite ?\u00a0\u00bb hover_enabled=\u00a0\u00bb0&Prime; sticky_enabled=\u00a0\u00bb0&Prime;][\/et_pb_image][\/et_pb_column][\/et_pb_row][et_pb_row _builder_version=\u00a0\u00bb4.27.2&Prime; _module_preset=\u00a0\u00bbdefault\u00a0\u00bb theme_builder_area=\u00a0\u00bbpost_content\u00a0\u00bb][et_pb_column _builder_version=\u00a0\u00bb4.27.2&Prime; _module_preset=\u00a0\u00bbdefault\u00a0\u00bb type=\u00a0\u00bb4_4&Prime; theme_builder_area=\u00a0\u00bbpost_content\u00a0\u00bb][et_pb_text _builder_version=\u00a0\u00bb4.27.2&Prime; _module_preset=\u00a0\u00bbdefault\u00a0\u00bb theme_builder_area=\u00a0\u00bbpost_content\u00a0\u00bb hover_enabled=\u00a0\u00bb0&Prime; sticky_enabled=\u00a0\u00bb0&Prime;]<h3>Aliments orang\u00e9s en exc\u00e8s peuvent donner un teint orang\u00e9?\u00a0<\/h3>\n<p style=\"text-align: justify;\"><span data-contrast=\"auto\">Bien que cela puisse para\u00eetre bizarre, cela s\u2019av\u00e8re une r\u00e9alit\u00e9! Les carot\u00e9no\u00efdes ont une toxicit\u00e9 dite esth\u00e9tique. En revanche, le seuil de toxicit\u00e9 est rarement atteint si on adopte un r\u00e9gime alimentaire diversifi\u00e9. La toxicit\u00e9 provient plut\u00f4t de la prise de suppl\u00e9ments de <\/span><i><span data-contrast=\"auto\">b<\/span><\/i><span data-contrast=\"auto\">-carot\u00e8ne \u00e0 un niveau s\u2019\u00e9levant \u00e0 plus de 30 g par jour. Cela cause une condition esth\u00e9tique appel\u00e9e la carot\u00e9nodermie, soit le teint orang\u00e9.\u00a0<\/span><span data-ccp-props=\"{&quot;134245418&quot;:true,&quot;134245529&quot;:true,&quot;201341983&quot;:0,&quot;335551550&quot;:6,&quot;335551620&quot;:6,&quot;335559739&quot;:160,&quot;335559740&quot;:279}\">\u00a0<\/span><\/p>[\/et_pb_text][\/et_pb_column][\/et_pb_row][et_pb_row _builder_version=\u00a0\u00bb4.27.2&Prime; _module_preset=\u00a0\u00bbdefault\u00a0\u00bb theme_builder_area=\u00a0\u00bbpost_content\u00a0\u00bb][et_pb_column _builder_version=\u00a0\u00bb4.27.2&Prime; _module_preset=\u00a0\u00bbdefault\u00a0\u00bb type=\u00a0\u00bb4_4&Prime; theme_builder_area=\u00a0\u00bbpost_content\u00a0\u00bb][et_pb_text _builder_version=\u00a0\u00bb4.27.2&Prime; _module_preset=\u00a0\u00bbdefault\u00a0\u00bb theme_builder_area=\u00a0\u00bbpost_content\u00a0\u00bb hover_enabled=\u00a0\u00bb0&Prime; sticky_enabled=\u00a0\u00bb0&Prime; background_color=\u00a0\u00bb#BDE2D3&Prime;]<h3>Suppl\u00e9ments de carot\u00e9no\u00efdes<\/h3>\n<p style=\"text-align: justify;\">Ainsi, la prise de suppl\u00e9ments de carot\u00e9no\u00efdes n\u2019offre absolument aucun avantage. Les recommandations g\u00e9n\u00e9rales \u00e9noncent de ne pas prendre de suppl\u00e9ments de carot\u00e9no\u00efdes et int\u00e9grer les aliments en contenant au sein des diff\u00e9rents repas.<\/p>[\/et_pb_text][\/et_pb_column][\/et_pb_row][et_pb_row _builder_version=\u00a0\u00bb4.27.2&Prime; _module_preset=\u00a0\u00bbdefault\u00a0\u00bb theme_builder_area=\u00a0\u00bbpost_content\u00a0\u00bb][et_pb_column _builder_version=\u00a0\u00bb4.27.2&Prime; _module_preset=\u00a0\u00bbdefault\u00a0\u00bb type=\u00a0\u00bb4_4&Prime; theme_builder_area=\u00a0\u00bbpost_content\u00a0\u00bb][et_pb_text _builder_version=\u00a0\u00bb4.27.2&Prime; _module_preset=\u00a0\u00bbdefault\u00a0\u00bb theme_builder_area=\u00a0\u00bbpost_content\u00a0\u00bb hover_enabled=\u00a0\u00bb0&Prime; sticky_enabled=\u00a0\u00bb0&Prime;]<h3><b><span data-contrast=\"auto\">R\u00e9f\u00e9rences<\/span><\/b><span data-ccp-props=\"{&quot;134245418&quot;:true,&quot;134245529&quot;:true,&quot;201341983&quot;:0,&quot;335551550&quot;:6,&quot;335551620&quot;:6,&quot;335559739&quot;:160,&quot;335559740&quot;:279}\">\u00a0<\/span><\/h3>\n<p><span data-contrast=\"auto\">Bender et al. Biochimie de Harper (6e \u00e9dition). (2017). \u00c9dition de Boeck Sup\u00e9rieur.<\/span><span data-ccp-props=\"{&quot;134245418&quot;:true,&quot;134245529&quot;:true,&quot;201341983&quot;:0,&quot;335551550&quot;:6,&quot;335551620&quot;:6,&quot;335559739&quot;:160,&quot;335559740&quot;:279}\">\u00a0<\/span><\/p>\n<p><span data-ccp-props=\"{&quot;134245418&quot;:true,&quot;134245529&quot;:true,&quot;201341983&quot;:0,&quot;335551550&quot;:6,&quot;335551620&quot;:6,&quot;335559739&quot;:160,&quot;335559740&quot;:279}\">Genevi\u00e8ve Maillot, Phd, Dtp, Professeure \u00e0 l\u2019Universit\u00e9 de Montr\u00e9al. Notes de cours : M\u00e9tabolisme des nutriments: Antioxydants, BAC en nutrition (2024) <\/span><\/p>[\/et_pb_text][\/et_pb_column][\/et_pb_row][\/et_pb_section]\n","protected":false},"excerpt":{"rendered":"<p>Les suppl\u00e9ments de carot\u00e9no\u00efdes et les suppl\u00e9ments de vitamine A, quoi en penser? Antioxydants, peau radieuse, d\u00e9fense immunitaire, vision r\u00e9volutionnaire&#8230; Remettons les pendules \u00e0 l\u2019heure en ce qui concerne la vitamine A et les carot\u00e9no\u00efdes!Vitamine A Contrairement \u00e0 plusieurs vitamines qui sont hydrosolubles, la vitamine A est une vitamine liposoluble (tout comme les vitamines D, [&hellip;]<\/p>\n","protected":false},"author":3,"featured_media":4409148,"comment_status":"closed","ping_status":"closed","sticky":false,"template":"","format":"standard","meta":{"_et_pb_use_builder":"on","_et_pb_old_content":"","_et_gb_content_width":"","wprm-recipe-roundup-name":"","wprm-recipe-roundup-description":"","footnotes":""},"categories":[24,1706,578,1709,1704,1708],"tags":[],"class_list":["post-4409147","post","type-post","status-publish","format-standard","has-post-thumbnail","hentry","category-blogue","category-inflammation","category-pratico-pratique","category-sante-de-la-peau","category-sante-digestive","category-tout-sur-les-fruits-et-legumes"],"aioseo_notices":[],"_links":{"self":[{"href":"https:\/\/epithelia.ca\/en\/wp-json\/wp\/v2\/posts\/4409147","targetHints":{"allow":["GET"]}}],"collection":[{"href":"https:\/\/epithelia.ca\/en\/wp-json\/wp\/v2\/posts"}],"about":[{"href":"https:\/\/epithelia.ca\/en\/wp-json\/wp\/v2\/types\/post"}],"author":[{"embeddable":true,"href":"https:\/\/epithelia.ca\/en\/wp-json\/wp\/v2\/users\/3"}],"replies":[{"embeddable":true,"href":"https:\/\/epithelia.ca\/en\/wp-json\/wp\/v2\/comments?post=4409147"}],"version-history":[{"count":1,"href":"https:\/\/epithelia.ca\/en\/wp-json\/wp\/v2\/posts\/4409147\/revisions"}],"predecessor-version":[{"id":4409360,"href":"https:\/\/epithelia.ca\/en\/wp-json\/wp\/v2\/posts\/4409147\/revisions\/4409360"}],"wp:featuredmedia":[{"embeddable":true,"href":"https:\/\/epithelia.ca\/en\/wp-json\/wp\/v2\/media\/4409148"}],"wp:attachment":[{"href":"https:\/\/epithelia.ca\/en\/wp-json\/wp\/v2\/media?parent=4409147"}],"wp:term":[{"taxonomy":"category","embeddable":true,"href":"https:\/\/epithelia.ca\/en\/wp-json\/wp\/v2\/categories?post=4409147"},{"taxonomy":"post_tag","embeddable":true,"href":"https:\/\/epithelia.ca\/en\/wp-json\/wp\/v2\/tags?post=4409147"}],"curies":[{"name":"wp","href":"https:\/\/api.w.org\/{rel}","templated":true}]}}