{"id":4411825,"date":"2025-04-24T12:04:06","date_gmt":"2025-04-24T16:04:06","guid":{"rendered":"https:\/\/epithelia.ca\/?p=4411825"},"modified":"2025-04-24T20:10:54","modified_gmt":"2025-04-25T00:10:54","slug":"probiotics-allies-for-your-intestinal-microbiota-2","status":"publish","type":"post","link":"https:\/\/epithelia.ca\/en\/blogue\/les-probiotiques-des-allies-pour-votre-microbiote-intestinal-2\/","title":{"rendered":"Probiotics - Allies for your intestinal microbiota!"},"content":{"rendered":"<p>[et_pb_section fb_built=\u00a0\u00bb1&Prime; _builder_version=\u00a0\u00bb4.27.4&Prime; _module_preset=\u00a0\u00bbdefault\u00a0\u00bb global_colors_info=\u00a0\u00bb{}\u00a0\u00bb][et_pb_row _builder_version=\u00a0\u00bb4.27.4&Prime; _module_preset=\u00a0\u00bbdefault\u00a0\u00bb global_colors_info=\u00a0\u00bb{}\u00a0\u00bb][et_pb_column type=\u00a0\u00bb4_4&Prime; _builder_version=\u00a0\u00bb4.27.4&Prime; _module_preset=\u00a0\u00bbdefault\u00a0\u00bb global_colors_info=\u00a0\u00bb{}\u00a0\u00bb][et_pb_text _builder_version=\u00a0\u00bb4.27.4&Prime; _module_preset=\u00a0\u00bbdefault\u00a0\u00bb global_colors_info=\u00a0\u00bb{}\u00a0\u00bb]<\/p>\n<p style=\"text-align: justify;\">Avez-vous d\u00e9j\u00e0 entendu parler des probiotiques ? Ces micro-organismes vivants sont importants \u00e0 votre bien-\u00eatre digestif et jouent un r\u00f4le majeur dans la gestion des inconforts intestinaux comme les ballonnements, les gaz, la diarrh\u00e9e ou la constipation (2)(3)(4)<\/p>\n<p>[\/et_pb_text][et_pb_divider _builder_version=\u00a0\u00bb4.27.4&Prime; _module_preset=\u00a0\u00bbdefault\u00a0\u00bb custom_margin=\u00a0\u00bb||-1px||false|false\u00a0\u00bb global_colors_info=\u00a0\u00bb{}\u00a0\u00bb][\/et_pb_divider][et_pb_text _builder_version=\u00a0\u00bb4.27.4&Prime; _module_preset=\u00a0\u00bbdefault\u00a0\u00bb global_colors_info=\u00a0\u00bb{}\u00a0\u00bb]<\/p>\n<h2><b>Qu\u2019est-ce qu\u2019un probiotique ?<\/b><\/h2>\n<p style=\"text-align: justify;\">Les probiotiques sont des bact\u00e9ries qui, lorsqu\u2019elles sont consomm\u00e9es en quantit\u00e9 suffisante, ont un effet b\u00e9n\u00e9fique sur la sant\u00e9 intestinale (3)(4). Ainsi, ce n\u2019est pas toutes les bact\u00e9ries qui sont probiotiques (3)(4).<\/p>\n<p>[\/et_pb_text][et_pb_divider _builder_version=\u00a0\u00bb4.27.4&Prime; _module_preset=\u00a0\u00bbdefault\u00a0\u00bb custom_margin=\u00a0\u00bb||-1px||false|false\u00a0\u00bb global_colors_info=\u00a0\u00bb{}\u00a0\u00bb][\/et_pb_divider][et_pb_text _builder_version=\u00a0\u00bb4.27.4&Prime; _module_preset=\u00a0\u00bbdefault\u00a0\u00bb global_colors_info=\u00a0\u00bb{}\u00a0\u00bb]<\/p>\n<h2>O\u00f9 les retrouve-t-on ?<\/h2>\n<p style=\"text-align: justify;\">Sur le march\u00e9, les probiotiques sont g\u00e9n\u00e9ralement vendus en comprim\u00e9, \u00e0 boire ou encore en gummies. Les esp\u00e8ces les plus communes sont les Lactobacillus et les Bifidobacterium (2)(3)(4). Les m\u00e9canismes d\u2019action sont complexes et varient d\u2019une souche de bact\u00e9ries \u00e0 l\u2019autre (3)(4). Dans ces suppl\u00e9ments, les bact\u00e9ries sont \u00ab prot\u00e9g\u00e9es \u00bb pour atteindre l\u2019intestin encore \u00ab vivantes \u00bb et pouvoir bien jouer leurs r\u00f4les.<\/p>\n<p>[\/et_pb_text][et_pb_divider _builder_version=\u00a0\u00bb4.27.4&Prime; _module_preset=\u00a0\u00bbdefault\u00a0\u00bb custom_margin=\u00a0\u00bb||-1px||false|false\u00a0\u00bb global_colors_info=\u00a0\u00bb{}\u00a0\u00bb][\/et_pb_divider][et_pb_text _builder_version=\u00a0\u00bb4.27.4&Prime; _module_preset=\u00a0\u00bbdefault\u00a0\u00bb global_colors_info=\u00a0\u00bb{}\u00a0\u00bb]<\/p>\n<h2>Quels sont leurs bienfaits ?<\/h2>\n<p>Les probiotiques contribuent \u00e0 (2)(3)(4) :<\/p>\n<p>[\/et_pb_text][et_pb_blurb use_icon=\u00a0\u00bbon\u00a0\u00bb font_icon=\u00a0\u00bb&#x52;||divi||400&Prime; icon_placement=\u00a0\u00bbleft\u00a0\u00bb _builder_version=\u00a0\u00bb4.27.4&Prime; _module_preset=\u00a0\u00bbdefault\u00a0\u00bb custom_margin=\u00a0\u00bb|163px|||false|false\u00a0\u00bb global_colors_info=\u00a0\u00bb{}\u00a0\u00bb]<\/p>\n<p style=\"text-align: justify;\">Maintenir l\u2019\u00e9quilibre du microbiote intestinal<\/p>\n<p>[\/et_pb_blurb][et_pb_blurb use_icon=\u00a0\u00bbon\u00a0\u00bb font_icon=\u00a0\u00bb&#x52;||divi||400&Prime; icon_placement=\u00a0\u00bbleft\u00a0\u00bb _builder_version=\u00a0\u00bb4.27.4&Prime; _module_preset=\u00a0\u00bbdefault\u00a0\u00bb custom_margin=\u00a0\u00bb|163px|||false|false\u00a0\u00bb global_colors_info=\u00a0\u00bb{}\u00a0\u00bb]<\/p>\n<p style=\"text-align: left;\">Renforcer le syst\u00e8me immunitaire en favorisant une \u00ab\u00a0bonne\u00a0\u00bb comp\u00e9tition avec les bact\u00e9ries d\u00e9j\u00e0 pr\u00e9sentes<\/p>\n<p>[\/et_pb_blurb][et_pb_blurb use_icon=\u00a0\u00bbon\u00a0\u00bb font_icon=\u00a0\u00bb&#x52;||divi||400&Prime; icon_placement=\u00a0\u00bbleft\u00a0\u00bb _builder_version=\u00a0\u00bb4.27.4&Prime; _module_preset=\u00a0\u00bbdefault\u00a0\u00bb custom_margin=\u00a0\u00bb|163px|||false|false\u00a0\u00bb global_colors_info=\u00a0\u00bb{}\u00a0\u00bb]<\/p>\n<p style=\"text-align: left;\">Produire des substances b\u00e9n\u00e9fiques comme les acides gras \u00e0 cha\u00eene courte<\/p>\n<p>[\/et_pb_blurb][et_pb_blurb use_icon=\u00a0\u00bbon\u00a0\u00bb font_icon=\u00a0\u00bb&#x52;||divi||400&Prime; icon_placement=\u00a0\u00bbleft\u00a0\u00bb _builder_version=\u00a0\u00bb4.27.4&Prime; _module_preset=\u00a0\u00bbdefault\u00a0\u00bb custom_margin=\u00a0\u00bb|163px|||false|false\u00a0\u00bb global_colors_info=\u00a0\u00bb{}\u00a0\u00bb]<\/p>\n<p style=\"text-align: left;\">Am\u00e9liorer la digestion et r\u00e9duire les inconforts gastro-intestinaux comme les ballonnements, la diarrh\u00e9e ou la constipation<\/p>\n<p>[\/et_pb_blurb][et_pb_blurb use_icon=\u00a0\u00bbon\u00a0\u00bb font_icon=\u00a0\u00bb&#x52;||divi||400&Prime; icon_placement=\u00a0\u00bbleft\u00a0\u00bb _builder_version=\u00a0\u00bb4.27.4&Prime; _module_preset=\u00a0\u00bbdefault\u00a0\u00bb custom_margin=\u00a0\u00bb|163px|||false|false\u00a0\u00bb global_colors_info=\u00a0\u00bb{}\u00a0\u00bb]<\/p>\n<p style=\"text-align: left;\">Pr\u00e9venir la diarrh\u00e9e du voyageur<\/p>\n<p>[\/et_pb_blurb][et_pb_text _builder_version=\u00a0\u00bb4.27.4&Prime; _module_preset=\u00a0\u00bbdefault\u00a0\u00bb global_colors_info=\u00a0\u00bb{}\u00a0\u00bb]<\/p>\n<p style=\"text-align: justify;\">Certaines recherches sugg\u00e8rent m\u00eame que les probiotiques pourraient influencer la gestion du poids et l\u2019humeur, bien que des \u00e9tudes suppl\u00e9mentaires soient n\u00e9cessaires pour confirmer ces effets (2)(3)(4).<\/p>\n<p>[\/et_pb_text][et_pb_divider _builder_version=\u00a0\u00bb4.27.4&Prime; _module_preset=\u00a0\u00bbdefault\u00a0\u00bb custom_margin=\u00a0\u00bb||-1px||false|false\u00a0\u00bb global_colors_info=\u00a0\u00bb{}\u00a0\u00bb][\/et_pb_divider][et_pb_text _builder_version=\u00a0\u00bb4.27.4&Prime; _module_preset=\u00a0\u00bbdefault\u00a0\u00bb global_colors_info=\u00a0\u00bb{}\u00a0\u00bb]<\/p>\n<h2 style=\"text-align: justify;\">Mais lequel choisir ?<\/h2>\n<p style=\"text-align: justify;\">Selon la raison pour laquelle vous souhaitez prendre des probiotiques, il est possible de se r\u00e9f\u00e9rer \u00e0 ce <strong><a href=\"http:\/\/www.probioticchart.ca\/\">Guide Clinique<\/a><\/strong> qui compile les r\u00e9sultats des \u00e9tudes avec les produits finaux vendus au Canada. \u00c9videmment, validez avec votre m\u00e9decin, votre pharmacien ou votre nutritionniste si la prise de probiotiques est indiqu\u00e9e, s\u00e9curitaire et s\u2019il y a des interactions possibles avec votre m\u00e9dication.<\/p>\n<p>[\/et_pb_text][et_pb_divider _builder_version=\u00a0\u00bb4.27.4&Prime; _module_preset=\u00a0\u00bbdefault\u00a0\u00bb custom_margin=\u00a0\u00bb||-1px||false|false\u00a0\u00bb global_colors_info=\u00a0\u00bb{}\u00a0\u00bb][\/et_pb_divider][et_pb_text _builder_version=\u00a0\u00bb4.27.4&Prime; _module_preset=\u00a0\u00bbdefault\u00a0\u00bb global_colors_info=\u00a0\u00bb{}\u00a0\u00bb]<\/p>\n<h2>Les aliments ferment\u00e9s, alors ?<\/h2>\n<p style=\"text-align: justify;\">On retrouve \u00e9galement des bact\u00e9ries dites \u00ab\u00a0probiotiques\u00a0\u00bb dans plusieurs aliments ferment\u00e9s :<\/p>\n<p>[\/et_pb_text][\/et_pb_column][\/et_pb_row][et_pb_row column_structure=\u00a0\u00bb1_3,1_3,1_3&Prime; _builder_version=\u00a0\u00bb4.27.4&Prime; _module_preset=\u00a0\u00bbdefault\u00a0\u00bb global_colors_info=\u00a0\u00bb{}\u00a0\u00bb][et_pb_column type=\u00a0\u00bb1_3&Prime; _builder_version=\u00a0\u00bb4.27.4&Prime; _module_preset=\u00a0\u00bbdefault\u00a0\u00bb global_colors_info=\u00a0\u00bb{}\u00a0\u00bb][et_pb_image src=\u00a0\u00bbhttps:\/\/epithelia.ca\/wp-content\/uploads\/2025\/04\/61.avif\u00a0\u00bb title_text=\u00a0\u00bb61&Prime; _builder_version=\u00a0\u00bb4.27.4&Prime; _module_preset=\u00a0\u00bbdefault\u00a0\u00bb global_colors_info=\u00a0\u00bb{}\u00a0\u00bb][\/et_pb_image][et_pb_text _builder_version=\u00a0\u00bb4.27.4&Prime; _module_preset=\u00a0\u00bbdefault\u00a0\u00bb global_colors_info=\u00a0\u00bb{}\u00a0\u00bb]<\/p>\n<h2 style=\"text-align: center;\">Yogourt et k\u00e9fir<\/h2>\n<p>[\/et_pb_text][\/et_pb_column][et_pb_column type=\u00a0\u00bb1_3&Prime; _builder_version=\u00a0\u00bb4.27.4&Prime; _module_preset=\u00a0\u00bbdefault\u00a0\u00bb global_colors_info=\u00a0\u00bb{}\u00a0\u00bb][et_pb_image src=\u00a0\u00bbhttps:\/\/epithelia.ca\/wp-content\/uploads\/2025\/04\/62.avif\u00a0\u00bb title_text=\u00a0\u00bb62&Prime; _builder_version=\u00a0\u00bb4.27.4&Prime; _module_preset=\u00a0\u00bbdefault\u00a0\u00bb global_colors_info=\u00a0\u00bb{}\u00a0\u00bb][\/et_pb_image][et_pb_text _builder_version=\u00a0\u00bb4.27.4&Prime; _module_preset=\u00a0\u00bbdefault\u00a0\u00bb global_colors_info=\u00a0\u00bb{}\u00a0\u00bb]<\/p>\n<h2 style=\"text-align: center;\">Choucroute et kimchi<\/h2>\n<p>[\/et_pb_text][\/et_pb_column][et_pb_column type=\u00a0\u00bb1_3&Prime; _builder_version=\u00a0\u00bb4.27.4&Prime; _module_preset=\u00a0\u00bbdefault\u00a0\u00bb global_colors_info=\u00a0\u00bb{}\u00a0\u00bb][et_pb_image src=\u00a0\u00bbhttps:\/\/epithelia.ca\/wp-content\/uploads\/2025\/04\/63.avif\u00a0\u00bb title_text=\u00a0\u00bb63&Prime; _builder_version=\u00a0\u00bb4.27.4&Prime; _module_preset=\u00a0\u00bbdefault\u00a0\u00bb global_colors_info=\u00a0\u00bb{}\u00a0\u00bb][\/et_pb_image][et_pb_text _builder_version=\u00a0\u00bb4.27.4&Prime; _module_preset=\u00a0\u00bbdefault\u00a0\u00bb global_colors_info=\u00a0\u00bb{}\u00a0\u00bb]<\/p>\n<h2 style=\"text-align: center;\">Miso et tempeh<\/h2>\n<p>[\/et_pb_text][\/et_pb_column][\/et_pb_row][et_pb_row _builder_version=\u00a0\u00bb4.27.4&Prime; _module_preset=\u00a0\u00bbdefault\u00a0\u00bb global_colors_info=\u00a0\u00bb{}\u00a0\u00bb][et_pb_column type=\u00a0\u00bb4_4&Prime; _builder_version=\u00a0\u00bb4.27.4&Prime; _module_preset=\u00a0\u00bbdefault\u00a0\u00bb global_colors_info=\u00a0\u00bb{}\u00a0\u00bb][et_pb_text _builder_version=\u00a0\u00bb4.27.4&Prime; _module_preset=\u00a0\u00bbdefault\u00a0\u00bb global_colors_info=\u00a0\u00bb{}\u00a0\u00bb]<\/p>\n<p style=\"text-align: justify;\">Toutefois, il est important de noter que tous les aliments ferment\u00e9s ne contiennent pas forc\u00e9ment des probiotiques actifs (1). De plus, les aliments ferment\u00e9s ne rencontrent pas les crit\u00e8res pour \u00eatre des probiotiques par le nombre de bact\u00e9ries pr\u00e9sentes variables et le manque d\u2019uniformit\u00e9 d\u2019un produit \u00e0 l\u2019autre (1).<\/p>\n<p style=\"text-align: justify;\">Pour aller plus loin sur les aliments ferment\u00e9s, <strong><a href=\"https:\/\/epithelia.ca\/blogue\/aliments-fermentes-mythes-et-realites\/\">voir cet article de blogue<\/a><\/strong>.<\/p>\n<p>[\/et_pb_text][et_pb_divider _builder_version=\u00a0\u00bb4.27.4&Prime; _module_preset=\u00a0\u00bbdefault\u00a0\u00bb custom_margin=\u00a0\u00bb||-1px||false|false\u00a0\u00bb global_colors_info=\u00a0\u00bb{}\u00a0\u00bb][\/et_pb_divider][et_pb_text _builder_version=\u00a0\u00bb4.27.4&Prime; _module_preset=\u00a0\u00bbdefault\u00a0\u00bb hover_enabled=\u00a0\u00bb0&Prime; global_colors_info=\u00a0\u00bb{}\u00a0\u00bb sticky_enabled=\u00a0\u00bb0&Prime;]<\/p>\n<h2>Conclusion<\/h2>\n<p style=\"text-align: justify;\">Prendre soin de son microbiote, c\u2019est s\u2019assurer une meilleure digestion et une bonne sant\u00e9 g\u00e9n\u00e9rale. En int\u00e9grant des <strong><a href=\"https:\/\/epithelia.ca\/blogue\/les-prebiotiques-nourrir-votre-microbiote\/\">aliments riches en pr\u00e9biotiques<\/a><\/strong>, en probiotiques et en favorisant la production de <strong><a href=\"https:\/\/epithelia.ca\/blogue\/les-postbiotiques-les-bienfaits-caches-du-microbiote\/\">postbiotiques<\/a><\/strong>, vous donnez \u00e0 votre intestin tout ce dont il a besoin pour fonctionner au mieux ! Selon la raison vis\u00e9e, des suppl\u00e9ments de probiotiques peuvent \u00eatre indiqu\u00e9s comme dans la gestion des sympt\u00f4mes digestifs.<\/p>\n<p style=\"text-align: justify;\">Besoin d\u2019aide pour y voir plus clair? Consultez une nutritionniste de l\u2019\u00e9quipe<\/p>\n<p>[\/et_pb_text][et_pb_button button_url=\u00a0\u00bbhttps:\/\/epithelia.ca\/prendre-rendez-vous\/\u00a0\u00bb button_text=\u00a0\u00bbPRENDRE RENDEZ-VOUS\u00a0\u00bb button_alignment=\u00a0\u00bbcenter\u00a0\u00bb _builder_version=\u00a0\u00bb4.27.4&Prime; _module_preset=\u00a0\u00bbdefault\u00a0\u00bb custom_button=\u00a0\u00bbon\u00a0\u00bb button_bg_color=\u00a0\u00bb#FFFFFF\u00a0\u00bb global_colors_info=\u00a0\u00bb{}\u00a0\u00bb][\/et_pb_button][et_pb_text _builder_version=\u00a0\u00bb4.27.4&Prime; _module_preset=\u00a0\u00bbdefault\u00a0\u00bb global_colors_info=\u00a0\u00bb{}\u00a0\u00bb]<\/p>\n<h3>R\u00e9f\u00e9rences<\/h3>\n<p>(1) Balasubramanian et al. (2024) Fermented foods: Harnessing their potential to modulate the microbiota-gut-brain axis for mental health. Neurosci Biobehav Rev Mar;158:105562. <a href=\"https:\/\/pubmed.ncbi.nlm.nih.gov\/38278378\/\">https:\/\/pubmed.ncbi.nlm.nih.gov\/38278378\/<\/a>\u00a0<br \/>(2) Duranti et al. (2017) Obesity and microbiota: an example of an intricate relationship. Genes Nutr Jun 15;12:18. <a href=\"https:\/\/pubmed.ncbi.nlm.nih.gov\/28638490\/\">https:\/\/pubmed.ncbi.nlm.nih.gov\/28638490\/<\/a>\u00a0<br \/>(3) International Probiotics Association (IPA) <a href=\"https:\/\/internationalprobiotics.org\/\">https:\/\/internationalprobiotics.org\/<\/a>\u00a0<br \/>(4) International Scientific Association for Probiotics and Prebiotics (ISAPP) <a href=\"https:\/\/isappscience.org\/\">https:\/\/isappscience.org\/<\/a>\u00a0<\/p>\n<p>[\/et_pb_text][et_pb_divider _builder_version=\u00a0\u00bb4.27.4&Prime; _module_preset=\u00a0\u00bbdefault\u00a0\u00bb custom_margin=\u00a0\u00bb||-1px||false|false\u00a0\u00bb global_colors_info=\u00a0\u00bb{}\u00a0\u00bb][\/et_pb_divider][\/et_pb_column][\/et_pb_row][\/et_pb_section]<\/p>\n","protected":false},"excerpt":{"rendered":"<p>These living micro-organisms are important to your digestive well-being and play a major role in managing intestinal discomfort.<\/p>","protected":false},"author":3,"featured_media":4411833,"comment_status":"closed","ping_status":"closed","sticky":false,"template":"","format":"standard","meta":{"_et_pb_use_builder":"on","_et_pb_old_content":"","_et_gb_content_width":"","wprm-recipe-roundup-name":"","wprm-recipe-roundup-description":"","footnotes":""},"categories":[1707,24,1704],"tags":[],"class_list":["post-4411825","post","type-post","status-publish","format-standard","has-post-thumbnail","hentry","category-aliments-fermentes","category-blogue","category-sante-digestive"],"aioseo_notices":[],"aioseo_head":"\n\t\t<!-- All in One SEO 5.0.1.1 - aioseo.com -->\n\t<meta name=\"description\" content=\"Ces micro-organismes vivants sont importants \u00e0 votre bien-\u00eatre digestif et jouent un r\u00f4le majeur dans la gestion des inconforts intestinaux.\" \/>\n\t<meta name=\"robots\" content=\"max-image-preview:large\" \/>\n\t<meta name=\"author\" content=\"Laurence Fournier\"\/>\n\t<meta name=\"google-site-verification\" content=\"XOfmnsTiCa_OkTFHEAaCkXMlT1cHYMRgUIgICNM4g_Q\" \/>\n\t<link rel=\"canonical\" href=\"https:\/\/epithelia.ca\/en\/blogue\/les-probiotiques-des-allies-pour-votre-microbiote-intestinal-2\/\" \/>\n\t<meta name=\"generator\" content=\"All in One SEO (AIOSEO) 5.0.1.1\" \/>\n\t\t<meta property=\"og:locale\" content=\"en_US\" \/>\n\t\t<meta property=\"og:site_name\" content=\"Clinique \u00c9pith\u00e9lia - \u00c9quipe de nutritionnistes experts en sant\u00e9 du microbiote\" \/>\n\t\t<meta property=\"og:type\" content=\"article\" \/>\n\t\t<meta property=\"og:title\" content=\"Les Probiotiques \u2013 Des alli\u00e9s pour votre microbiote intestinal! - Clinique \u00c9pith\u00e9lia\" \/>\n\t\t<meta property=\"og:description\" content=\"Ces micro-organismes vivants sont importants \u00e0 votre bien-\u00eatre digestif et jouent un r\u00f4le majeur dans la gestion des inconforts intestinaux.\" \/>\n\t\t<meta property=\"og:url\" content=\"https:\/\/epithelia.ca\/en\/blogue\/les-probiotiques-des-allies-pour-votre-microbiote-intestinal-2\/\" \/>\n\t\t<meta property=\"og:image\" content=\"https:\/\/epithelia.ca\/wp-content\/uploads\/2025\/04\/fasdasd-38.avif\" \/>\n\t\t<meta property=\"og:image:secure_url\" content=\"https:\/\/epithelia.ca\/wp-content\/uploads\/2025\/04\/fasdasd-38.avif\" \/>\n\t\t<meta property=\"og:image:width\" content=\"1640\" \/>\n\t\t<meta property=\"og:image:height\" content=\"924\" \/>\n\t\t<meta property=\"article:published_time\" content=\"2025-04-24T16:04:06+00:00\" \/>\n\t\t<meta property=\"article:modified_time\" content=\"2025-04-25T00:10:54+00:00\" \/>\n\t\t<meta property=\"article:publisher\" content=\"https:\/\/www.facebook.com\/profile.php?id=61560378100335&amp;mibextid=LQQJ4d\" \/>\n\t\t<meta name=\"twitter:card\" content=\"summary_large_image\" \/>\n\t\t<meta name=\"twitter:title\" content=\"Les Probiotiques \u2013 Des alli\u00e9s pour votre microbiote intestinal! - Clinique \u00c9pith\u00e9lia\" \/>\n\t\t<meta name=\"twitter:description\" content=\"Ces micro-organismes vivants sont importants \u00e0 votre bien-\u00eatre digestif et jouent un r\u00f4le majeur dans la gestion des inconforts intestinaux.\" \/>\n\t\t<meta name=\"twitter:image\" content=\"https:\/\/epithelia.ca\/wp-content\/uploads\/2024\/04\/Epithelia-clinique-sante-digestive.jpg\" \/>\n\t\t<script type=\"application\/ld+json\" class=\"aioseo-schema\">\n\t\t\t{\"@context\":\"https:\\\/\\\/schema.org\",\"@graph\":[{\"@type\":\"BlogPosting\",\"@id\":\"https:\\\/\\\/epithelia.ca\\\/en\\\/blogue\\\/les-probiotiques-des-allies-pour-votre-microbiote-intestinal-2\\\/#blogposting\",\"name\":\"Les Probiotiques \\u2013 Des alli\\u00e9s pour votre microbiote intestinal! - Clinique \\u00c9pith\\u00e9lia\",\"headline\":\"Les Probiotiques &#8211; Des alli\\u00e9s pour votre microbiote intestinal!\",\"author\":{\"@id\":\"https:\\\/\\\/epithelia.ca\\\/en\\\/author\\\/lfournierandreannemartin-com\\\/#author\"},\"publisher\":{\"@id\":\"https:\\\/\\\/epithelia.ca\\\/en\\\/#organization\"},\"image\":{\"@type\":\"ImageObject\",\"url\":\"https:\\\/\\\/epithelia.ca\\\/wp-content\\\/uploads\\\/2025\\\/04\\\/fasdasd-38.avif\",\"width\":1640,\"height\":924},\"datePublished\":\"2025-04-24T12:04:06-04:00\",\"dateModified\":\"2025-04-24T20:10:54-04:00\",\"inLanguage\":\"en-US\",\"mainEntityOfPage\":{\"@id\":\"https:\\\/\\\/epithelia.ca\\\/en\\\/blogue\\\/les-probiotiques-des-allies-pour-votre-microbiote-intestinal-2\\\/#webpage\"},\"isPartOf\":{\"@id\":\"https:\\\/\\\/epithelia.ca\\\/en\\\/blogue\\\/les-probiotiques-des-allies-pour-votre-microbiote-intestinal-2\\\/#webpage\"},\"articleSection\":\"Aliments ferment\\u00e9s, Blogue, Sant\\u00e9 digestive\"},{\"@type\":\"BreadcrumbList\",\"@id\":\"https:\\\/\\\/epithelia.ca\\\/en\\\/blogue\\\/les-probiotiques-des-allies-pour-votre-microbiote-intestinal-2\\\/#breadcrumblist\",\"itemListElement\":[{\"@type\":\"ListItem\",\"@id\":\"https:\\\/\\\/epithelia.ca\\\/en#listItem\",\"position\":1,\"name\":\"Domicile\",\"item\":\"https:\\\/\\\/epithelia.ca\\\/en\",\"nextItem\":{\"@type\":\"ListItem\",\"@id\":\"https:\\\/\\\/epithelia.ca\\\/en\\\/category\\\/blogue\\\/#listItem\",\"name\":\"Blogue\"}},{\"@type\":\"ListItem\",\"@id\":\"https:\\\/\\\/epithelia.ca\\\/en\\\/category\\\/blogue\\\/#listItem\",\"position\":2,\"name\":\"Blogue\",\"item\":\"https:\\\/\\\/epithelia.ca\\\/en\\\/category\\\/blogue\\\/\",\"nextItem\":{\"@type\":\"ListItem\",\"@id\":\"https:\\\/\\\/epithelia.ca\\\/en\\\/category\\\/blogue\\\/sante-digestive\\\/#listItem\",\"name\":\"Sant\\u00e9 digestive\"},\"previousItem\":{\"@type\":\"ListItem\",\"@id\":\"https:\\\/\\\/epithelia.ca\\\/en#listItem\",\"name\":\"Domicile\"}},{\"@type\":\"ListItem\",\"@id\":\"https:\\\/\\\/epithelia.ca\\\/en\\\/category\\\/blogue\\\/sante-digestive\\\/#listItem\",\"position\":3,\"name\":\"Sant\\u00e9 digestive\",\"item\":\"https:\\\/\\\/epithelia.ca\\\/en\\\/category\\\/blogue\\\/sante-digestive\\\/\",\"nextItem\":{\"@type\":\"ListItem\",\"@id\":\"https:\\\/\\\/epithelia.ca\\\/en\\\/blogue\\\/les-probiotiques-des-allies-pour-votre-microbiote-intestinal-2\\\/#listItem\",\"name\":\"Les Probiotiques &#8211; Des alli\\u00e9s pour votre microbiote intestinal!\"},\"previousItem\":{\"@type\":\"ListItem\",\"@id\":\"https:\\\/\\\/epithelia.ca\\\/en\\\/category\\\/blogue\\\/#listItem\",\"name\":\"Blogue\"}},{\"@type\":\"ListItem\",\"@id\":\"https:\\\/\\\/epithelia.ca\\\/en\\\/blogue\\\/les-probiotiques-des-allies-pour-votre-microbiote-intestinal-2\\\/#listItem\",\"position\":4,\"name\":\"Les Probiotiques &#8211; Des alli\\u00e9s pour votre microbiote intestinal!\",\"previousItem\":{\"@type\":\"ListItem\",\"@id\":\"https:\\\/\\\/epithelia.ca\\\/en\\\/category\\\/blogue\\\/sante-digestive\\\/#listItem\",\"name\":\"Sant\\u00e9 digestive\"}}]},{\"@type\":\"Organization\",\"@id\":\"https:\\\/\\\/epithelia.ca\\\/en\\\/#organization\",\"name\":\"Clinique \\u00c9pith\\u00e9lia\",\"description\":\"\\u00c9quipe de nutritionnistes experts en sant\\u00e9 du microbiote\",\"url\":\"https:\\\/\\\/epithelia.ca\\\/en\\\/\",\"telephone\":\"+15819970681\",\"logo\":{\"@type\":\"ImageObject\",\"url\":\"https:\\\/\\\/epithelia.ca\\\/wp-content\\\/uploads\\\/2024\\\/04\\\/cropped-EPITHELIA_Logo_VioletRGB.png\",\"@id\":\"https:\\\/\\\/epithelia.ca\\\/en\\\/blogue\\\/les-probiotiques-des-allies-pour-votre-microbiote-intestinal-2\\\/#organizationLogo\",\"width\":512,\"height\":512},\"image\":{\"@id\":\"https:\\\/\\\/epithelia.ca\\\/en\\\/blogue\\\/les-probiotiques-des-allies-pour-votre-microbiote-intestinal-2\\\/#organizationLogo\"},\"sameAs\":[\"https:\\\/\\\/www.instagram.com\\\/epithelia.ca?igsh=MXVsZnA2OWZ3bmE2eA&utm_source=qr\"]},{\"@type\":\"Person\",\"@id\":\"https:\\\/\\\/epithelia.ca\\\/en\\\/author\\\/lfournierandreannemartin-com\\\/#author\",\"url\":\"https:\\\/\\\/epithelia.ca\\\/en\\\/author\\\/lfournierandreannemartin-com\\\/\",\"name\":\"Laurence Fournier\",\"image\":{\"@type\":\"ImageObject\",\"@id\":\"https:\\\/\\\/epithelia.ca\\\/en\\\/blogue\\\/les-probiotiques-des-allies-pour-votre-microbiote-intestinal-2\\\/#authorImage\",\"url\":\"https:\\\/\\\/secure.gravatar.com\\\/avatar\\\/ff3fa10279fc123eff8dbeb6bef2912f5827e5cbf94fca51b311f072bcac1229?s=96&d=mm&r=g\",\"width\":96,\"height\":96,\"caption\":\"Laurence Fournier\"}},{\"@type\":\"WebPage\",\"@id\":\"https:\\\/\\\/epithelia.ca\\\/en\\\/blogue\\\/les-probiotiques-des-allies-pour-votre-microbiote-intestinal-2\\\/#webpage\",\"url\":\"https:\\\/\\\/epithelia.ca\\\/en\\\/blogue\\\/les-probiotiques-des-allies-pour-votre-microbiote-intestinal-2\\\/\",\"name\":\"Les Probiotiques \\u2013 Des alli\\u00e9s pour votre microbiote intestinal! - Clinique \\u00c9pith\\u00e9lia\",\"description\":\"Ces micro-organismes vivants sont importants \\u00e0 votre bien-\\u00eatre digestif et jouent un r\\u00f4le majeur dans la gestion des inconforts intestinaux.\",\"inLanguage\":\"en-US\",\"isPartOf\":{\"@id\":\"https:\\\/\\\/epithelia.ca\\\/en\\\/#website\"},\"breadcrumb\":{\"@id\":\"https:\\\/\\\/epithelia.ca\\\/en\\\/blogue\\\/les-probiotiques-des-allies-pour-votre-microbiote-intestinal-2\\\/#breadcrumblist\"},\"author\":{\"@id\":\"https:\\\/\\\/epithelia.ca\\\/en\\\/author\\\/lfournierandreannemartin-com\\\/#author\"},\"creator\":{\"@id\":\"https:\\\/\\\/epithelia.ca\\\/en\\\/author\\\/lfournierandreannemartin-com\\\/#author\"},\"image\":{\"@type\":\"ImageObject\",\"url\":\"https:\\\/\\\/epithelia.ca\\\/wp-content\\\/uploads\\\/2025\\\/04\\\/fasdasd-38.avif\",\"@id\":\"https:\\\/\\\/epithelia.ca\\\/en\\\/blogue\\\/les-probiotiques-des-allies-pour-votre-microbiote-intestinal-2\\\/#mainImage\",\"width\":1640,\"height\":924},\"primaryImageOfPage\":{\"@id\":\"https:\\\/\\\/epithelia.ca\\\/en\\\/blogue\\\/les-probiotiques-des-allies-pour-votre-microbiote-intestinal-2\\\/#mainImage\"},\"datePublished\":\"2025-04-24T12:04:06-04:00\",\"dateModified\":\"2025-04-24T20:10:54-04:00\"},{\"@type\":\"WebSite\",\"@id\":\"https:\\\/\\\/epithelia.ca\\\/en\\\/#website\",\"url\":\"https:\\\/\\\/epithelia.ca\\\/en\\\/\",\"name\":\"Clinique \\u00c9pith\\u00e9lia\",\"alternateName\":\"Clinique de sant\\u00e9 digestive\",\"description\":\"\\u00c9quipe de nutritionnistes experts en sant\\u00e9 du microbiote\",\"inLanguage\":\"en-US\",\"publisher\":{\"@id\":\"https:\\\/\\\/epithelia.ca\\\/en\\\/#organization\"}}]}\n\t\t<\/script>\n\t\t<!-- All in One SEO -->\n\n","aioseo_head_json":{"title":"Probiotics - Allies for your intestinal microbiota! - Epithelia Clinic","description":"These living micro-organisms are important to your digestive well-being and play a major role in managing intestinal discomfort.","canonical_url":"https:\/\/epithelia.ca\/en\/blogue\/les-probiotiques-des-allies-pour-votre-microbiote-intestinal-2\/","robots":"max-image-preview:large","keywords":"","webmasterTools":{"google-site-verification":"XOfmnsTiCa_OkTFHEAaCkXMlT1cHYMRgUIgICNM4g_Q","miscellaneous":""},"schema":{"@context":"https:\/\/schema.org","@graph":[{"@type":"BlogPosting","@id":"https:\/\/epithelia.ca\/en\/blogue\/les-probiotiques-des-allies-pour-votre-microbiote-intestinal-2\/#blogposting","name":"Les Probiotiques \u2013 Des alli\u00e9s pour votre microbiote intestinal! - Clinique \u00c9pith\u00e9lia","headline":"Les Probiotiques &#8211; Des alli\u00e9s pour votre microbiote intestinal!","author":{"@id":"https:\/\/epithelia.ca\/en\/author\/lfournierandreannemartin-com\/#author"},"publisher":{"@id":"https:\/\/epithelia.ca\/en\/#organization"},"image":{"@type":"ImageObject","url":"https:\/\/epithelia.ca\/wp-content\/uploads\/2025\/04\/fasdasd-38.avif","width":1640,"height":924},"datePublished":"2025-04-24T12:04:06-04:00","dateModified":"2025-04-24T20:10:54-04:00","inLanguage":"en-US","mainEntityOfPage":{"@id":"https:\/\/epithelia.ca\/en\/blogue\/les-probiotiques-des-allies-pour-votre-microbiote-intestinal-2\/#webpage"},"isPartOf":{"@id":"https:\/\/epithelia.ca\/en\/blogue\/les-probiotiques-des-allies-pour-votre-microbiote-intestinal-2\/#webpage"},"articleSection":"Aliments ferment\u00e9s, Blogue, Sant\u00e9 digestive"},{"@type":"BreadcrumbList","@id":"https:\/\/epithelia.ca\/en\/blogue\/les-probiotiques-des-allies-pour-votre-microbiote-intestinal-2\/#breadcrumblist","itemListElement":[{"@type":"ListItem","@id":"https:\/\/epithelia.ca\/en#listItem","position":1,"name":"Domicile","item":"https:\/\/epithelia.ca\/en","nextItem":{"@type":"ListItem","@id":"https:\/\/epithelia.ca\/en\/category\/blogue\/#listItem","name":"Blogue"}},{"@type":"ListItem","@id":"https:\/\/epithelia.ca\/en\/category\/blogue\/#listItem","position":2,"name":"Blogue","item":"https:\/\/epithelia.ca\/en\/category\/blogue\/","nextItem":{"@type":"ListItem","@id":"https:\/\/epithelia.ca\/en\/category\/blogue\/sante-digestive\/#listItem","name":"Sant\u00e9 digestive"},"previousItem":{"@type":"ListItem","@id":"https:\/\/epithelia.ca\/en#listItem","name":"Domicile"}},{"@type":"ListItem","@id":"https:\/\/epithelia.ca\/en\/category\/blogue\/sante-digestive\/#listItem","position":3,"name":"Sant\u00e9 digestive","item":"https:\/\/epithelia.ca\/en\/category\/blogue\/sante-digestive\/","nextItem":{"@type":"ListItem","@id":"https:\/\/epithelia.ca\/en\/blogue\/les-probiotiques-des-allies-pour-votre-microbiote-intestinal-2\/#listItem","name":"Les Probiotiques &#8211; Des alli\u00e9s pour votre microbiote intestinal!"},"previousItem":{"@type":"ListItem","@id":"https:\/\/epithelia.ca\/en\/category\/blogue\/#listItem","name":"Blogue"}},{"@type":"ListItem","@id":"https:\/\/epithelia.ca\/en\/blogue\/les-probiotiques-des-allies-pour-votre-microbiote-intestinal-2\/#listItem","position":4,"name":"Les Probiotiques &#8211; Des alli\u00e9s pour votre microbiote intestinal!","previousItem":{"@type":"ListItem","@id":"https:\/\/epithelia.ca\/en\/category\/blogue\/sante-digestive\/#listItem","name":"Sant\u00e9 digestive"}}]},{"@type":"Organization","@id":"https:\/\/epithelia.ca\/en\/#organization","name":"Clinique \u00c9pith\u00e9lia","description":"\u00c9quipe de nutritionnistes experts en sant\u00e9 du microbiote","url":"https:\/\/epithelia.ca\/en\/","telephone":"+15819970681","logo":{"@type":"ImageObject","url":"https:\/\/epithelia.ca\/wp-content\/uploads\/2024\/04\/cropped-EPITHELIA_Logo_VioletRGB.png","@id":"https:\/\/epithelia.ca\/en\/blogue\/les-probiotiques-des-allies-pour-votre-microbiote-intestinal-2\/#organizationLogo","width":512,"height":512},"image":{"@id":"https:\/\/epithelia.ca\/en\/blogue\/les-probiotiques-des-allies-pour-votre-microbiote-intestinal-2\/#organizationLogo"},"sameAs":["https:\/\/www.instagram.com\/epithelia.ca?igsh=MXVsZnA2OWZ3bmE2eA&utm_source=qr"]},{"@type":"Person","@id":"https:\/\/epithelia.ca\/en\/author\/lfournierandreannemartin-com\/#author","url":"https:\/\/epithelia.ca\/en\/author\/lfournierandreannemartin-com\/","name":"Laurence Fournier","image":{"@type":"ImageObject","@id":"https:\/\/epithelia.ca\/en\/blogue\/les-probiotiques-des-allies-pour-votre-microbiote-intestinal-2\/#authorImage","url":"https:\/\/secure.gravatar.com\/avatar\/ff3fa10279fc123eff8dbeb6bef2912f5827e5cbf94fca51b311f072bcac1229?s=96&d=mm&r=g","width":96,"height":96,"caption":"Laurence Fournier"}},{"@type":"WebPage","@id":"https:\/\/epithelia.ca\/en\/blogue\/les-probiotiques-des-allies-pour-votre-microbiote-intestinal-2\/#webpage","url":"https:\/\/epithelia.ca\/en\/blogue\/les-probiotiques-des-allies-pour-votre-microbiote-intestinal-2\/","name":"Les Probiotiques \u2013 Des alli\u00e9s pour votre microbiote intestinal! - Clinique \u00c9pith\u00e9lia","description":"Ces micro-organismes vivants sont importants \u00e0 votre bien-\u00eatre digestif et jouent un r\u00f4le majeur dans la gestion des inconforts intestinaux.","inLanguage":"en-US","isPartOf":{"@id":"https:\/\/epithelia.ca\/en\/#website"},"breadcrumb":{"@id":"https:\/\/epithelia.ca\/en\/blogue\/les-probiotiques-des-allies-pour-votre-microbiote-intestinal-2\/#breadcrumblist"},"author":{"@id":"https:\/\/epithelia.ca\/en\/author\/lfournierandreannemartin-com\/#author"},"creator":{"@id":"https:\/\/epithelia.ca\/en\/author\/lfournierandreannemartin-com\/#author"},"image":{"@type":"ImageObject","url":"https:\/\/epithelia.ca\/wp-content\/uploads\/2025\/04\/fasdasd-38.avif","@id":"https:\/\/epithelia.ca\/en\/blogue\/les-probiotiques-des-allies-pour-votre-microbiote-intestinal-2\/#mainImage","width":1640,"height":924},"primaryImageOfPage":{"@id":"https:\/\/epithelia.ca\/en\/blogue\/les-probiotiques-des-allies-pour-votre-microbiote-intestinal-2\/#mainImage"},"datePublished":"2025-04-24T12:04:06-04:00","dateModified":"2025-04-24T20:10:54-04:00"},{"@type":"WebSite","@id":"https:\/\/epithelia.ca\/en\/#website","url":"https:\/\/epithelia.ca\/en\/","name":"Clinique \u00c9pith\u00e9lia","alternateName":"Clinique de sant\u00e9 digestive","description":"\u00c9quipe de nutritionnistes experts en sant\u00e9 du microbiote","inLanguage":"en-US","publisher":{"@id":"https:\/\/epithelia.ca\/en\/#organization"}}]},"og:locale":"en_US","og:site_name":"Clinique \u00c9pith\u00e9lia - \u00c9quipe de nutritionnistes experts en sant\u00e9 du microbiote","og:type":"article","og:title":"Les Probiotiques \u2013 Des alli\u00e9s pour votre microbiote intestinal! - Clinique \u00c9pith\u00e9lia","og:description":"Ces micro-organismes vivants sont importants \u00e0 votre bien-\u00eatre digestif et jouent un r\u00f4le majeur dans la gestion des inconforts intestinaux.","og:url":"https:\/\/epithelia.ca\/en\/blogue\/les-probiotiques-des-allies-pour-votre-microbiote-intestinal-2\/","og:image":"https:\/\/epithelia.ca\/wp-content\/uploads\/2025\/04\/fasdasd-38.avif","og:image:secure_url":"https:\/\/epithelia.ca\/wp-content\/uploads\/2025\/04\/fasdasd-38.avif","og:image:width":1640,"og:image:height":924,"article:published_time":"2025-04-24T16:04:06+00:00","article:modified_time":"2025-04-25T00:10:54+00:00","article:publisher":"https:\/\/www.facebook.com\/profile.php?id=61560378100335&mibextid=LQQJ4d","twitter:card":"summary_large_image","twitter:title":"Les Probiotiques \u2013 Des alli\u00e9s pour votre microbiote intestinal! - Clinique \u00c9pith\u00e9lia","twitter:description":"Ces micro-organismes vivants sont importants \u00e0 votre bien-\u00eatre digestif et jouent un r\u00f4le majeur dans la gestion des inconforts intestinaux.","twitter:image":"https:\/\/epithelia.ca\/wp-content\/uploads\/2024\/04\/Epithelia-clinique-sante-digestive.jpg"},"aioseo_meta_data":{"post_id":"4411825","title":null,"description":null,"keywords":null,"keyphrases":{"focus":{"keyphrase":"","score":0,"analysis":{"keyphraseInTitle":{"score":0,"maxScore":9,"error":1}}},"additional":[]},"primary_term":null,"canonical_url":null,"og_title":null,"og_description":null,"og_object_type":"default","og_image_type":"default","og_image_url":null,"og_image_width":null,"og_image_height":null,"og_image_custom_url":null,"og_image_custom_fields":null,"og_video":"","og_custom_url":null,"og_article_section":null,"og_article_tags":null,"twitter_use_og":false,"twitter_card":"default","twitter_image_type":"default","twitter_image_url":null,"twitter_image_custom_url":null,"twitter_image_custom_fields":null,"twitter_title":null,"twitter_description":null,"schema":{"blockGraphs":[],"customGraphs":[],"default":{"data":{"Article":[],"Course":[],"Dataset":[],"FAQPage":[],"Movie":[],"Person":[],"Product":[],"ProductReview":[],"Car":[],"Recipe":[],"Service":[],"SoftwareApplication":[],"WebPage":[]},"graphName":"BlogPosting","isEnabled":true},"graphs":[]},"schema_type":"default","schema_type_options":null,"pillar_content":false,"robots_default":true,"robots_noindex":false,"robots_noarchive":false,"robots_nosnippet":false,"robots_nofollow":false,"robots_noimageindex":false,"robots_noodp":false,"robots_notranslate":false,"robots_max_snippet":"-1","robots_max_videopreview":"-1","robots_max_imagepreview":"large","priority":null,"frequency":"default","local_seo":null,"breadcrumb_settings":null,"limit_modified_date":false,"ai":null,"created":"2025-04-24 15:32:56","updated":"2025-06-04 13:42:05","focus_keyword":null,"additional_keywords":null,"truseo_locale":null,"seo_analyzer_scan_date":null},"aioseo_breadcrumb":"<div class=\"aioseo-breadcrumbs\"><span class=\"aioseo-breadcrumb\">\n\t\t\t<a href=\"https:\/\/epithelia.ca\/en\" title=\"Domicile\">Domicile<\/a>\n\t\t<\/span><span class=\"aioseo-breadcrumb-separator\">&raquo;<\/span><span class=\"aioseo-breadcrumb\">\n\t\t\t<a href=\"https:\/\/epithelia.ca\/en\/category\/blogue\/\" title=\"Blogue\">Blogue<\/a>\n\t\t<\/span><span class=\"aioseo-breadcrumb-separator\">&raquo;<\/span><span class=\"aioseo-breadcrumb\">\n\t\t\t<a href=\"https:\/\/epithelia.ca\/en\/category\/blogue\/sante-digestive\/\" title=\"Sant\u00e9 digestive\">Sant\u00e9 digestive<\/a>\n\t\t<\/span><span class=\"aioseo-breadcrumb-separator\">&raquo;<\/span><span class=\"aioseo-breadcrumb\">\n\t\t\tLes Probiotiques \u2013 Des alli\u00e9s pour votre microbiote intestinal!\n\t\t<\/span><\/div>","aioseo_breadcrumb_json":[{"label":"Domicile","link":"https:\/\/epithelia.ca\/en"},{"label":"Blogue","link":"https:\/\/epithelia.ca\/en\/category\/blogue\/"},{"label":"Sant\u00e9 digestive","link":"https:\/\/epithelia.ca\/en\/category\/blogue\/sante-digestive\/"},{"label":"Les Probiotiques &#8211; Des alli\u00e9s pour votre microbiote intestinal!","link":"https:\/\/epithelia.ca\/en\/blogue\/les-probiotiques-des-allies-pour-votre-microbiote-intestinal-2\/"}],"_links":{"self":[{"href":"https:\/\/epithelia.ca\/en\/wp-json\/wp\/v2\/posts\/4411825","targetHints":{"allow":["GET"]}}],"collection":[{"href":"https:\/\/epithelia.ca\/en\/wp-json\/wp\/v2\/posts"}],"about":[{"href":"https:\/\/epithelia.ca\/en\/wp-json\/wp\/v2\/types\/post"}],"author":[{"embeddable":true,"href":"https:\/\/epithelia.ca\/en\/wp-json\/wp\/v2\/users\/3"}],"replies":[{"embeddable":true,"href":"https:\/\/epithelia.ca\/en\/wp-json\/wp\/v2\/comments?post=4411825"}],"version-history":[{"count":5,"href":"https:\/\/epithelia.ca\/en\/wp-json\/wp\/v2\/posts\/4411825\/revisions"}],"predecessor-version":[{"id":4411946,"href":"https:\/\/epithelia.ca\/en\/wp-json\/wp\/v2\/posts\/4411825\/revisions\/4411946"}],"wp:featuredmedia":[{"embeddable":true,"href":"https:\/\/epithelia.ca\/en\/wp-json\/wp\/v2\/media\/4411833"}],"wp:attachment":[{"href":"https:\/\/epithelia.ca\/en\/wp-json\/wp\/v2\/media?parent=4411825"}],"wp:term":[{"taxonomy":"category","embeddable":true,"href":"https:\/\/epithelia.ca\/en\/wp-json\/wp\/v2\/categories?post=4411825"},{"taxonomy":"post_tag","embeddable":true,"href":"https:\/\/epithelia.ca\/en\/wp-json\/wp\/v2\/tags?post=4411825"}],"curies":[{"name":"wp","href":"https:\/\/api.w.org\/{rel}","templated":true}]}}