{"id":661,"date":"2021-12-10T17:23:45","date_gmt":"2021-12-10T22:23:45","guid":{"rendered":"http:\/\/localhost\/a-martin\/2021\/11\/09\/galette-au-pain-depice\/"},"modified":"2024-12-28T12:12:35","modified_gmt":"2024-12-28T16:12:35","slug":"depice-bread-galette","status":"publish","type":"post","link":"https:\/\/epithelia.ca\/en\/recettes\/recette-vegetarienne\/galette-au-pain-depice\/","title":{"rendered":"Delicious gingerbread pancakes"},"content":{"rendered":"<p>[et_pb_section fb_built=\u00a0\u00bb1&Prime; admin_label=\u00a0\u00bbsection\u00a0\u00bb _builder_version=\u00a0\u00bb4.16&Prime; global_colors_info=\u00a0\u00bb{}\u00a0\u00bb][et_pb_row admin_label=\u00a0\u00bbrow\u00a0\u00bb _builder_version=\u00a0\u00bb4.16&Prime; background_size=\u00a0\u00bbinitial\u00a0\u00bb background_position=\u00a0\u00bbtop_left\u00a0\u00bb background_repeat=\u00a0\u00bbrepeat\u00a0\u00bb global_colors_info=\u00a0\u00bb{}\u00a0\u00bb][et_pb_column type=\u00a0\u00bb4_4&Prime; _builder_version=\u00a0\u00bb4.16&Prime; custom_padding=\u00a0\u00bb|||\u00a0\u00bb global_colors_info=\u00a0\u00bb{}\u00a0\u00bb custom_padding__hover=\u00a0\u00bb|||\u00a0\u00bb][et_pb_text admin_label=\u00a0\u00bbText\u00a0\u00bb _builder_version=\u00a0\u00bb4.27.0&Prime; background_size=\u00a0\u00bbinitial\u00a0\u00bb background_position=\u00a0\u00bbtop_left\u00a0\u00bb background_repeat=\u00a0\u00bbrepeat\u00a0\u00bb global_colors_info=\u00a0\u00bb{}\u00a0\u00bb]<\/p>\n<h2 style=\"text-align: justify;\"><strong>Voici une recette de galettes qui nous transporte instantan\u00e9ment dans l\u2019ambiance r\u00e9confortante des f\u00eates !\u00a0<\/strong><\/h2>\n<p style=\"text-align: justify;\"><span data-contrast=\"none\">Les biscuits pain d\u2019\u00e9pices sont une tradition, n\u2019est-ce pas ?<\/span><span data-ccp-props=\"{&quot;134233117&quot;:false,&quot;134233118&quot;:false,&quot;201341983&quot;:0,&quot;335551550&quot;:0,&quot;335551620&quot;:0,&quot;335559738&quot;:240,&quot;335559739&quot;:240,&quot;335559740&quot;:279}\">\u00a0<\/span><\/p>\n<p style=\"text-align: justify;\"><span data-contrast=\"none\">En voici une version nutritive, mais tout aussi savoureuse !<\/span><span data-ccp-props=\"{&quot;134233117&quot;:false,&quot;134233118&quot;:false,&quot;201341983&quot;:0,&quot;335551550&quot;:0,&quot;335551620&quot;:0,&quot;335559738&quot;:240,&quot;335559739&quot;:240,&quot;335559740&quot;:279}\">\u00a0<\/span><\/p>\n<p style=\"text-align: justify;\"><span data-contrast=\"none\">Ces galettes sont une excellente source d\u2019<a href=\"https:\/\/epithelia.ca\/blogue\/alimentation-et-sante-mentale-optimiser-ses-fonctions-cognitives-grace-au-contenu-de-son-assiette\/%20\">om\u00e9ga-3<\/a>, de cuivre et de mangan\u00e8se (deux min\u00e9raux antioxydants) et de magn\u00e9sium. Elles ont \u00e9galement une teneur \u00e9lev\u00e9e en s\u00e9l\u00e9nium (un min\u00e9ral antioxydant assurant <a href=\"https:\/\/epithelia.ca\/blogue\/syndrome-de-lintestin-irritable-au-dela-des-fodmap-quelles-sont-les-differentes-pistes-dintervention\/%20\">l\u2019int\u00e9grit\u00e9 de la muqueuse intestinale<\/a>) et en calcium.<\/span><span data-ccp-props=\"{&quot;134233117&quot;:false,&quot;134233118&quot;:false,&quot;201341983&quot;:0,&quot;335551550&quot;:0,&quot;335551620&quot;:0,&quot;335559738&quot;:240,&quot;335559739&quot;:240,&quot;335559740&quot;:279}\">\u00a0<\/span><\/p>\n<p>[\/et_pb_text][\/et_pb_column][\/et_pb_row][et_pb_row _builder_version=\u00a0\u00bb4.27.0&Prime; _module_preset=\u00a0\u00bbdefault\u00a0\u00bb global_colors_info=\u00a0\u00bb{}\u00a0\u00bb][et_pb_column type=\u00a0\u00bb4_4&Prime; _builder_version=\u00a0\u00bb4.27.0&Prime; _module_preset=\u00a0\u00bbdefault\u00a0\u00bb global_colors_info=\u00a0\u00bb{}\u00a0\u00bb][et_pb_text _builder_version=\u00a0\u00bb4.27.0&Prime; _module_preset=\u00a0\u00bbdefault\u00a0\u00bb global_colors_info=\u00a0\u00bb{}\u00a0\u00bb]<\/p>\n<h2><strong>Les graines de lin :\u00a0<\/strong><\/h2>\n<p style=\"text-align: justify;\"><span data-contrast=\"none\">La graine de lin se place au troisi\u00e8me rang des graines les plus riches en <a href=\"https:\/\/epithelia.ca\/blogue\/les-fibres-au-dela-des-legumes-et-des-fruits\/%20\">fibres<\/a> avec ses <a href=\"https:\/\/epithelia.ca\/produit\/calculateur-de-fibres\/%20\">1,9 g de fibres totales<\/a> par portion de 15 ml, dont la majorit\u00e9 sous forme insoluble, favorisant ainsi <a href=\"https:\/\/epithelia.ca\/blogue\/labc-du-caca-demystifie\/%20\">le transit intestinal<\/a>. Elle est en premi\u00e8re place pour la graine la plus riche en om\u00e9ga-3 d\u2019origine v\u00e9g\u00e9tale. Jamais deux sans trois, elle est en troisi\u00e8me position des graines les plus riches en prot\u00e9ines !<\/span><span data-ccp-props=\"{&quot;134233117&quot;:false,&quot;134233118&quot;:false,&quot;201341983&quot;:0,&quot;335551550&quot;:0,&quot;335551620&quot;:0,&quot;335559738&quot;:240,&quot;335559739&quot;:240,&quot;335559740&quot;:279}\">\u00a0<\/span><\/p>\n<p style=\"text-align: justify;\"><span data-contrast=\"none\">Pour en ajouter une petite derni\u00e8re, les graines de lin sont une source \u00e9lev\u00e9e de lignanes, un groupe de polyph\u00e9nols poss\u00e9dant des propri\u00e9t\u00e9s antioxydantes et <a href=\"https:\/\/epithelia.ca\/blogue\/alimentation-anti-inflammatoire-un-terme-tendance-ou-concret\/%20\">anti-inflammatoires<\/a>. Ainsi, la graine de lin est b\u00e9n\u00e9fique pour la majorit\u00e9 des sph\u00e8res de la sant\u00e9, allant de la sant\u00e9 digestive \u00e0 la sant\u00e9 cardiovasculaire.<\/span><span data-ccp-props=\"{&quot;134233117&quot;:false,&quot;134233118&quot;:false,&quot;201341983&quot;:0,&quot;335551550&quot;:0,&quot;335551620&quot;:0,&quot;335559738&quot;:240,&quot;335559739&quot;:240,&quot;335559740&quot;:279}\">\u00a0<\/span><\/p>\n<p style=\"text-align: justify;\"><span data-ccp-props=\"{&quot;134233117&quot;:false,&quot;134233118&quot;:false,&quot;201341983&quot;:0,&quot;335551550&quot;:0,&quot;335551620&quot;:0,&quot;335559738&quot;:240,&quot;335559739&quot;:240,&quot;335559740&quot;:279}\"><\/span><\/p>\n<p>[\/et_pb_text][\/et_pb_column][\/et_pb_row][et_pb_row column_structure=\u00a0\u00bb1_2,1_2&Prime; _builder_version=\u00a0\u00bb4.27.0&Prime; _module_preset=\u00a0\u00bbdefault\u00a0\u00bb background_color=\u00a0\u00bb#8247E3&Prime; global_colors_info=\u00a0\u00bb{}\u00a0\u00bb][et_pb_column type=\u00a0\u00bb1_2&Prime; _builder_version=\u00a0\u00bb4.27.0&Prime; _module_preset=\u00a0\u00bbdefault\u00a0\u00bb global_colors_info=\u00a0\u00bb{}\u00a0\u00bb][et_pb_button button_url=\u00a0\u00bbhttps:\/\/epithelia.ca\/produit\/calculateur-de-fibres\/%20&Prime; button_text=\u00a0\u00bbPour tout conna\u00eetre de votre apport quotidien en fibres solubles, insolubles et totales et optimisez votre sant\u00e9 digestive !\u00a0\u00bb _builder_version=\u00a0\u00bb4.27.0&Prime; _module_preset=\u00a0\u00bbdefault\u00a0\u00bb custom_button=\u00a0\u00bbon\u00a0\u00bb button_text_color=\u00a0\u00bb#8247E3&Prime; button_bg_color=\u00a0\u00bb#BDE2D3&Prime; box_shadow_style=\u00a0\u00bbpreset2&Prime; global_colors_info=\u00a0\u00bb{}\u00a0\u00bb][\/et_pb_button][\/et_pb_column][et_pb_column type=\u00a0\u00bb1_2&Prime; _builder_version=\u00a0\u00bb4.27.0&Prime; _module_preset=\u00a0\u00bbdefault\u00a0\u00bb global_colors_info=\u00a0\u00bb{}\u00a0\u00bb][et_pb_image src=\u00a0\u00bbhttps:\/\/epithelia.ca\/wp-content\/uploads\/2024\/07\/10.png\u00a0\u00bb alt=\u00a0\u00bbOutil du quotidien &#8211; Calculateur de fibres. Fibres totales, solubles et insolubles. \u00c9PITH\u00c9LIA- Clinique de sant\u00e9 digestive.\u00a0\u00bb title_text=\u00a0\u00bbOutil du quotidien &#8211; Calculateur de fibres. Fibres totales, solubles et insolubles. \u00c9PITH\u00c9LIA- Clinique de sant\u00e9 digestive.\u00a0\u00bb _builder_version=\u00a0\u00bb4.27.0&Prime; _module_preset=\u00a0\u00bbdefault\u00a0\u00bb width=\u00a0\u00bb80%\u00a0\u00bb global_colors_info=\u00a0\u00bb{}\u00a0\u00bb][\/et_pb_image][\/et_pb_column][\/et_pb_row][et_pb_row _builder_version=\u00a0\u00bb4.27.0&Prime; _module_preset=\u00a0\u00bbdefault\u00a0\u00bb global_colors_info=\u00a0\u00bb{}\u00a0\u00bb][et_pb_column type=\u00a0\u00bb4_4&Prime; _builder_version=\u00a0\u00bb4.27.0&Prime; _module_preset=\u00a0\u00bbdefault\u00a0\u00bb global_colors_info=\u00a0\u00bb{}\u00a0\u00bb][et_pb_text _builder_version=\u00a0\u00bb4.27.3&Prime; _module_preset=\u00a0\u00bbdefault\u00a0\u00bb hover_enabled=\u00a0\u00bb0&Prime; global_colors_info=\u00a0\u00bb{}\u00a0\u00bb sticky_enabled=\u00a0\u00bb0&Prime;]<\/p>\n<p><span data-contrast=\"none\" xml:lang=\"FR-FR\" lang=\"FR-FR\" class=\"TextRun SCXW185499350 BCX0\"><span class=\"NormalTextRun SCXW185499350 BCX0\">Bref, nous avons de quoi nous r\u00e9galer (idem pour <a href=\"https:\/\/andreannemartin.com\/blogue\/alimentation-et-microbiote-intestinal-ce-que-vous-devez-savoir\/%20\">nos bact\u00e9ries intestinales<\/a>) !<\/span><\/span><\/p>\n<p><a href=\"https:\/\/andreannemartin.com\/produit\/guide-de-lassiette-arc-en-ciel\/\"><span class=\"EOP SCXW185499350 BCX0\" data-ccp-props=\"{&quot;134233117&quot;:false,&quot;134233118&quot;:false,&quot;201341983&quot;:0,&quot;335551550&quot;:0,&quot;335551620&quot;:0,&quot;335559738&quot;:240,&quot;335559739&quot;:240,&quot;335559740&quot;:279}\">Votre code couleur:\u00a0<\/span><span style=\"color: #ab6e4f;\">\u2b24<\/span><span style=\"color: #f4d4a7;\">\u2b24<\/span><span style=\"color: #f4c502;\">\u2b24<\/span><\/a><\/p>\n<p>[\/et_pb_text][\/et_pb_column][\/et_pb_row][et_pb_row _builder_version=\u00a0\u00bb4.27.0&Prime; _module_preset=\u00a0\u00bbdefault\u00a0\u00bb global_colors_info=\u00a0\u00bb{}\u00a0\u00bb][et_pb_column type=\u00a0\u00bb4_4&Prime; _builder_version=\u00a0\u00bb4.27.0&Prime; _module_preset=\u00a0\u00bbdefault\u00a0\u00bb global_colors_info=\u00a0\u00bb{}\u00a0\u00bb][et_pb_code _builder_version=\u00a0\u00bb4.27.0&Prime; _module_preset=\u00a0\u00bbdefault\u00a0\u00bb global_colors_info=\u00a0\u00bb{}\u00a0\u00bb]<div id=\"recipe\"><\/div><div id=\"wprm-recipe-container-4407606\" class=\"wprm-recipe-container\" data-recipe-id=\"4407606\" data-servings=\"12\"><div class=\"wprm-recipe wprm-recipe-template-epithelia2\"><div class=\"wprm-container-float-right\">\n\t<div class=\"wprm-recipe-image wprm-block-image-normal\"><img loading=\"lazy\" decoding=\"async\" style=\"border-width: 0px;border-style: solid;border-color: #666666;\" width=\"150\" height=\"150\" src=\"https:\/\/epithelia.ca\/wp-content\/uploads\/2024\/08\/Galettes-au-pain-d_epice-150x150.jpg\" class=\"attachment-150x150 size-150x150\" alt=\"Galettes au pain d&#039;\u00e9pice. \u00c9PITH\u00c9LIA- Clinique de sant\u00e9 digestive.\" \/><\/div>\n\t<div class=\"wprm-spacer\" style=\"height: 5px;\"><\/div>\n\t<a href=\"https:\/\/epithelia.ca\/en\/wprm_print\/galettes-au-pain-depice\" style=\"color: #444444;background-color: #ffffff;border-color: #777777;border-radius: 0px;padding: 5px 5px;\" class=\"wprm-recipe-print wprm-recipe-link wprm-print-recipe-shortcode wprm-block-text-normal wprm-recipe-print-wide-button wprm-recipe-link-wide-button wprm-color-accent\" data-recipe-id=\"4407606\" data-template=\"\" target=\"_blank\" rel=\"nofollow\"><span class=\"wprm-recipe-icon wprm-recipe-print-icon\"><svg xmlns=\"http:\/\/www.w3.org\/2000\/svg\" xmlns:xlink=\"http:\/\/www.w3.org\/1999\/xlink\" x=\"0px\" y=\"0px\" width=\"16px\" height=\"16px\" viewBox=\"0 0 24 24\"><g ><path fill=\"#8047e1\" d=\"M19,5.09V1c0-0.552-0.448-1-1-1H6C5.448,0,5,0.448,5,1v4.09C2.167,5.569,0,8.033,0,11v7c0,0.552,0.448,1,1,1h4v4c0,0.552,0.448,1,1,1h12c0.552,0,1-0.448,1-1v-4h4c0.552,0,1-0.448,1-1v-7C24,8.033,21.833,5.569,19,5.09z M7,2h10v3H7V2z M17,22H7v-9h10V22z M18,10c-0.552,0-1-0.448-1-1c0-0.552,0.448-1,1-1s1,0.448,1,1C19,9.552,18.552,10,18,10z\"\/><\/g><\/svg><\/span> Imprimer<\/a>\n\t\n\t\n<\/div>\n<h2 class=\"wprm-recipe-name wprm-block-text-bold\">Galettes au pain d\u2019\u00e9pice<\/h2>\n<div class=\"wprm-spacer\" style=\"height: 5px;\"><\/div>\n<div class=\"wprm-recipe-summary wprm-block-text-normal\"><span style=\"display: block;\">Des galettes qui go\u00fbtent le pain d&#039;\u00e9pice ! <\/span><\/div>\n<div class=\"wprm-spacer\"><\/div>\n<div class=\"wprm-recipe-meta-container wprm-recipe-times-container wprm-recipe-details-container wprm-recipe-details-container-table wprm-block-text-normal wprm-recipe-table-borders-top-bottom wprm-recipe-table-borders-inside\" style=\"border-width: 1px;border-style: solid;border-color: #777777;\"><div class=\"wprm-recipe-block-container wprm-recipe-block-container-table wprm-block-text-normal wprm-recipe-time-container wprm-recipe-prep-time-container\" style=\"border-width: 1px;border-style: solid;border-color: #777777;\"><span class=\"wprm-recipe-icon wprm-recipe-time-icon wprm-recipe-prep-time-icon\"><svg xmlns=\"http:\/\/www.w3.org\/2000\/svg\" xmlns:xlink=\"http:\/\/www.w3.org\/1999\/xlink\" x=\"0px\" y=\"0px\" width=\"16\" height=\"16\" viewBox=\"0 0 16 16\"><g class=\"nc-icon-wrapper\" fill=\"#333333\" transform=\"translate(1.5999999999999996 1.5999999999999996) scale(0.8)\"><path fill=\"#333333\" d=\"M15,2c0.6,0,1-0.4,1-1s-0.4-1-1-1H1C0.4,0,0,0.4,0,1s0.4,1,1,1h1c0.1,2.4,0.8,4.5,2,6c-1.2,1.4-2,3.6-2,6H1 c-0.6,0-1,0.4-1,1s0.4,1,1,1h14c0.6,0,1-0.4,1-1s-0.4-1-1-1h-1c-0.1-2.5-0.8-4.6-2-6c1.3-1.5,2-3.6,2-6H15z M9.9,7.3L9,8.1l1,0.7 c1.2,0.9,2,2.9,2.1,5.2H4c0.1-2.3,0.9-4.3,2.1-5.2l1-0.7L6.1,7.3C4.8,6.1,4.1,4.2,4,2h8C11.9,4.2,11.2,6.1,9.9,7.3z\"><\/path><\/g><\/svg><\/span> <span class=\"wprm-recipe-details-label wprm-block-text-faded wprm-recipe-time-label wprm-recipe-prep-time-label\">Prep Time<\/span><span class=\"wprm-recipe-time wprm-block-text-normal\"><span class=\"wprm-recipe-details wprm-recipe-details-minutes wprm-recipe-prep_time wprm-recipe-prep_time-minutes\">15<span class=\"sr-only screen-reader-text wprm-screen-reader-text\"> minutes<\/span><\/span> <span class=\"wprm-recipe-details-unit wprm-recipe-details-minutes wprm-recipe-prep_time-unit wprm-recipe-prep_timeunit-minutes\" aria-hidden=\"true\">mins<\/span><\/span><\/div><div class=\"wprm-recipe-block-container wprm-recipe-block-container-table wprm-block-text-normal wprm-recipe-time-container wprm-recipe-cook-time-container\" style=\"border-width: 1px;border-style: solid;border-color: #777777;\"><span class=\"wprm-recipe-icon wprm-recipe-time-icon wprm-recipe-cook-time-icon\"><svg width=\"16px\" height=\"16px\" viewBox=\"0 0 24 24\" version=\"1.1\" xmlns=\"http:\/\/www.w3.org\/2000\/svg\" xmlns:xlink=\"http:\/\/www.w3.org\/1999\/xlink\"><g stroke=\"none\" stroke-width=\"1\" fill=\"none\" fill-rule=\"evenodd\"><g fill=\"#333333\"><path d=\"M19.5441,12.0586 L17.8411,12.3146 L17.8411,14.0376 L17.8411,17.8606 L6.1591,17.8606 L6.1591,14.0376 L6.1591,12.3146 L4.4561,12.0586 C3.0331,11.8446 2.0001,10.6536 2.0001,9.2246 C2.0001,7.6626 3.2471,6.3876 4.7971,6.3406 C4.8651,6.3486 4.9351,6.3556 5.0051,6.3576 L6.3221,6.4136 L6.8931,5.2246 C7.8481,3.2356 9.8051,1.9996 12.0001,1.9996 C14.1951,1.9996 16.1521,3.2356 17.1071,5.2246 L17.6781,6.4136 L18.9951,6.3576 C19.0641,6.3556 19.1321,6.3486 19.2021,6.3406 C20.7531,6.3866 22.0001,7.6626 22.0001,9.2246 C22.0001,10.6536 20.9671,11.8446 19.5441,12.0586 L19.5441,12.0586 Z M6.1591,22.0006 L17.8411,22.0006 L17.8411,19.8606 L6.1591,19.8606 L6.1591,22.0006 Z M19.1141,4.3386 C19.0451,4.3386 18.9801,4.3566 18.9101,4.3596 C17.6741,1.7836 15.0491,-0.0004 12.0001,-0.0004 C8.9511,-0.0004 6.3261,1.7836 5.0901,4.3596 C5.0211,4.3566 4.9551,4.3386 4.8861,4.3386 C2.1881,4.3386 0.0001,6.5266 0.0001,9.2246 C0.0001,11.6736 1.8081,13.6836 4.1591,14.0376 L4.1591,22.3756 C4.1591,23.2696 4.8901,23.9996 5.7831,23.9996 L18.2171,23.9996 C19.1101,23.9996 19.8411,23.2696 19.8411,22.3756 L19.8411,14.0376 C22.1911,13.6836 24.0001,11.6736 24.0001,9.2246 C24.0001,6.5266 21.8131,4.3386 19.1141,4.3386 L19.1141,4.3386 Z\" id=\"Fill-1\"><\/path><\/g><\/g><\/svg><\/span> <span class=\"wprm-recipe-details-label wprm-block-text-faded wprm-recipe-time-label wprm-recipe-cook-time-label\">Cook Time<\/span><span class=\"wprm-recipe-time wprm-block-text-normal\"><span class=\"wprm-recipe-details wprm-recipe-details-minutes wprm-recipe-cook_time wprm-recipe-cook_time-minutes\">15<span class=\"sr-only screen-reader-text wprm-screen-reader-text\"> minutes<\/span><\/span> <span class=\"wprm-recipe-details-unit wprm-recipe-details-minutes wprm-recipe-cook_time-unit wprm-recipe-cook_timeunit-minutes\" aria-hidden=\"true\">mins<\/span><\/span><\/div><\/div>\n<div class=\"wprm-recipe-block-container wprm-recipe-block-container-inline wprm-block-text-normal wprm-recipe-servings-container\" style=\"\"><span class=\"wprm-recipe-details-label wprm-block-text-faded wprm-recipe-servings-label\">Servings: <\/span><span class=\"wprm-recipe-servings-with-unit\"><span class=\"wprm-recipe-servings wprm-recipe-details wprm-recipe-servings-4407606 wprm-recipe-servings-adjustable-tooltip wprm-block-text-normal\" data-recipe=\"4407606\" aria-label=\"Adjust recipe servings\">12<\/span> <span class=\"wprm-recipe-servings-unit wprm-recipe-details-unit wprm-block-text-normal\">galettes<\/span><\/span><\/div>\n<div class=\"wprm-spacer\" style=\"height: 5px;\"><\/div>\n\n\n\n\n\n\n<div id=\"recipe-4407606-ingredients\" class=\"wprm-recipe-ingredients-container wprm-recipe-ingredients-no-images wprm-recipe-4407606-ingredients-container wprm-block-text-normal wprm-ingredient-style-regular wprm-recipe-images-before\" data-recipe=\"4407606\" data-servings=\"12\"><h3 class=\"wprm-recipe-header wprm-recipe-ingredients-header wprm-block-text-bold wprm-align-left wprm-header-decoration-none\" style=\"\">Ingredients<\/h3><div class=\"wprm-recipe-ingredient-group\"><ul class=\"wprm-recipe-ingredients\"><li class=\"wprm-recipe-ingredient\" style=\"list-style-type: disc;\" data-uid=\"0\"><span class=\"wprm-recipe-ingredient-amount\">\u00bd<\/span>&#32;<span class=\"wprm-recipe-ingredient-unit\">t. (125 ml)<\/span>&#32;<span class=\"wprm-recipe-ingredient-name\">de pur\u00e9e de datte*<\/span><\/li><li class=\"wprm-recipe-ingredient\" style=\"list-style-type: disc;\" data-uid=\"1\"><span class=\"wprm-recipe-ingredient-amount\">\u00bd<\/span>&#32;<span class=\"wprm-recipe-ingredient-unit\">t. (125 ml)<\/span>&#32;<span class=\"wprm-recipe-ingredient-name\">de m\u00e9lasse<\/span><\/li><li class=\"wprm-recipe-ingredient\" style=\"list-style-type: disc;\" data-uid=\"2\"><span class=\"wprm-recipe-ingredient-amount\">\u00bc<\/span>&#32;<span class=\"wprm-recipe-ingredient-unit\">de t. (60 ml)<\/span>&#32;<span class=\"wprm-recipe-ingredient-name\">de lait ou de boisson v\u00e9g\u00e9tale au choix<\/span><\/li><li class=\"wprm-recipe-ingredient\" style=\"list-style-type: disc;\" data-uid=\"3\"><span class=\"wprm-recipe-ingredient-amount\">1<\/span>&#32;<span class=\"wprm-recipe-ingredient-name\">oeuf<\/span><\/li><li class=\"wprm-recipe-ingredient\" style=\"list-style-type: disc;\" data-uid=\"4\"><span class=\"wprm-recipe-ingredient-amount\">\u00be<\/span>&#32;<span class=\"wprm-recipe-ingredient-unit\">de t. (180 ml)<\/span>&#32;<span class=\"wprm-recipe-ingredient-name\">de farine de grain entier au choix<\/span><\/li><li class=\"wprm-recipe-ingredient\" style=\"list-style-type: disc;\" data-uid=\"5\"><span class=\"wprm-recipe-ingredient-amount\">\u00be<\/span>&#32;<span class=\"wprm-recipe-ingredient-unit\">de t. (180 ml)<\/span>&#32;<span class=\"wprm-recipe-ingredient-name\">de farine de sarrasin<\/span><\/li><li class=\"wprm-recipe-ingredient\" style=\"list-style-type: disc;\" data-uid=\"6\"><span class=\"wprm-recipe-ingredient-amount\">1<\/span>&#32;<span class=\"wprm-recipe-ingredient-unit\">c. \u00e0 soupe (15 ml)<\/span>&#32;<span class=\"wprm-recipe-ingredient-name\">de poudre \u00e0 p\u00e2te<\/span><\/li><li class=\"wprm-recipe-ingredient\" style=\"list-style-type: disc;\" data-uid=\"7\"><span class=\"wprm-recipe-ingredient-amount\">2<\/span>&#32;<span class=\"wprm-recipe-ingredient-unit\">c. \u00e0 soupe (30 ml)<\/span>&#32;<span class=\"wprm-recipe-ingredient-name\">de graines de lin moulues<\/span><\/li><li class=\"wprm-recipe-ingredient\" style=\"list-style-type: disc;\" data-uid=\"8\"><span class=\"wprm-recipe-ingredient-amount\">1<\/span>&#32;<span class=\"wprm-recipe-ingredient-unit\">c. \u00e0 th\u00e9 (5 ml)<\/span>&#32;<span class=\"wprm-recipe-ingredient-name\">de cannelle moulue<\/span><\/li><li class=\"wprm-recipe-ingredient\" style=\"list-style-type: disc;\" data-uid=\"9\"><span class=\"wprm-recipe-ingredient-amount\">\u00bc<\/span>&#32;<span class=\"wprm-recipe-ingredient-unit\">c. \u00e0 th\u00e9 (1.25 ml)<\/span>&#32;<span class=\"wprm-recipe-ingredient-name\">de gingembre moulu<\/span><\/li><li class=\"wprm-recipe-ingredient\" style=\"list-style-type: disc;\" data-uid=\"10\"><span class=\"wprm-recipe-ingredient-amount\">\u00bc<\/span>&#32;<span class=\"wprm-recipe-ingredient-unit\">c. \u00e0 th\u00e9 (1.25 ml)<\/span>&#32;<span class=\"wprm-recipe-ingredient-name\">de noix de muscade moulue<\/span><\/li><li class=\"wprm-recipe-ingredient\" style=\"list-style-type: disc;\" data-uid=\"11\"><span class=\"wprm-recipe-ingredient-amount\">\u00bc<\/span>&#32;<span class=\"wprm-recipe-ingredient-unit\">c. \u00e0 th\u00e9 (1.25 ml)<\/span>&#32;<span class=\"wprm-recipe-ingredient-name\">de clou de girofle moulu<\/span><\/li><li class=\"wprm-recipe-ingredient\" style=\"list-style-type: disc;\" data-uid=\"12\"><span class=\"wprm-recipe-ingredient-amount\">\u00bc<\/span>&#32;<span class=\"wprm-recipe-ingredient-unit\">c. \u00e0 th\u00e9 (1.25 ml)<\/span>&#32;<span class=\"wprm-recipe-ingredient-name\">de cardamome moulue<\/span><\/li><\/ul><\/div><\/div>\n<div id=\"recipe-4407606-instructions\" class=\"wprm-recipe-instructions-container wprm-recipe-4407606-instructions-container wprm-block-text-normal\" data-recipe=\"4407606\"><h3 class=\"wprm-recipe-header wprm-recipe-instructions-header wprm-block-text-bold wprm-align-left wprm-header-decoration-none\" style=\"\">Instructions<\/h3><div class=\"wprm-recipe-instruction-group\"><ul class=\"wprm-recipe-instructions\"><li id=\"wprm-recipe-4407606-step-0-0\" class=\"wprm-recipe-instruction\" style=\"list-style-type: decimal;\"><div class=\"wprm-recipe-instruction-text\" style=\"margin-bottom: 5px;\"><span style=\"display: block;\">Pr\u00e9chauffer le four \u00e0 350 \u00b0F et tapisser une plaque \u00e0 cuisson de papier parchemin.<\/span><\/div><\/li><li id=\"wprm-recipe-4407606-step-0-1\" class=\"wprm-recipe-instruction\" style=\"list-style-type: decimal;\"><div class=\"wprm-recipe-instruction-text\" style=\"margin-bottom: 5px;\">M\u00e9langer la pur\u00e9e de datte, la m\u00e9lasse, l\u2019\u0153uf et le lait.<\/div><\/li><li id=\"wprm-recipe-4407606-step-0-2\" class=\"wprm-recipe-instruction\" style=\"list-style-type: decimal;\"><div class=\"wprm-recipe-instruction-text\" style=\"margin-bottom: 5px;\">Dans un autre bol, m\u00e9langer les farines, les graines de lin, la poudre \u00e0 p\u00e2te et les \u00e9pices.<\/div><\/li><li id=\"wprm-recipe-4407606-step-0-3\" class=\"wprm-recipe-instruction\" style=\"list-style-type: decimal;\"><div class=\"wprm-recipe-instruction-text\" style=\"margin-bottom: 5px;\">Int\u00e9grer les ingr\u00e9dients secs dans le m\u00e9lange humide et brasser avec une cuill\u00e8re en bois.<\/div><\/li><li id=\"wprm-recipe-4407606-step-0-4\" class=\"wprm-recipe-instruction\" style=\"list-style-type: decimal;\"><div class=\"wprm-recipe-instruction-text\" style=\"margin-bottom: 5px;\"><span style=\"display: block;\">Fa\u00e7onner 12 galettes et les d\u00e9poser sur la plaque \u00e0 cuisson.<\/span><\/div><\/li><li id=\"wprm-recipe-4407606-step-0-5\" class=\"wprm-recipe-instruction\" style=\"list-style-type: decimal;\"><div class=\"wprm-recipe-instruction-text\" style=\"margin-bottom: 5px;\">Faire cuire au four pendant 15 minutes.<\/div><\/li><li id=\"wprm-recipe-4407606-step-0-6\" class=\"wprm-recipe-instruction\" style=\"list-style-type: decimal;\"><div class=\"wprm-recipe-instruction-text\" style=\"margin-bottom: 5px;\">Laisser reposer quelques minutes et d\u00e9guster.<\/div><\/li><\/ul><\/div><\/div>\n<div id=\"recipe-video\"><\/div>\n<div id=\"recipe-4407606-notes\" class=\"wprm-recipe-notes-container wprm-block-text-normal\"><h3 class=\"wprm-recipe-header wprm-recipe-notes-header wprm-block-text-bold wprm-align-left wprm-header-decoration-none\" style=\"\">Notes<\/h3><div class=\"wprm-recipe-notes\"><span style=\"display: block;\">*Pur\u00e9e de datte faite maison:<\/span><div class=\"wprm-spacer\"><\/div>\n<span style=\"display: block;\">Mettre 500 g de dattes s\u00e9ch\u00e9es et d\u00e9noyaut\u00e9es ainsi que 410 ml d\u2019eau dans un contenant allant au four micro-ondes. Cuire pendant 4 minutes. R\u00e9duire le tout en pur\u00e9e lisse au m\u00e9langeur \u00e0 main. Et voil\u00e0!\u00a0<\/span><div class=\"wprm-spacer\"><\/div>\n<span style=\"display: block;\">Elle se conserve de 2 \u00e0 3 semaines au r\u00e9frig\u00e9rateur et jusqu\u2019\u00e0 3 mois au cong\u00e9lateur dans un contenant herm\u00e9tique.<\/span><div class=\"wprm-spacer\"><\/div>\n<span class=\"p1\" style=\"display: block;\">Recette par <a href=\"https:\/\/epithelia.ca\/equipe-epithelia\/\">l'\u00e9quipe \u00c9pith\u00e9lia,<\/a>\u00a0<\/span><\/div><\/div>\n<\/div><\/div>[\/et_pb_code][\/et_pb_column][\/et_pb_row][et_pb_row _builder_version=\u00a0\u00bb4.27.0&Prime; _module_preset=\u00a0\u00bbdefault\u00a0\u00bb global_colors_info=\u00a0\u00bb{}\u00a0\u00bb][et_pb_column type=\u00a0\u00bb4_4&Prime; _builder_version=\u00a0\u00bb4.27.0&Prime; _module_preset=\u00a0\u00bbdefault\u00a0\u00bb global_colors_info=\u00a0\u00bb{}\u00a0\u00bb][et_pb_button button_url=\u00a0\u00bbhttps:\/\/epithelia.ca\/produit\/a-la-recherche-du-caca-parfait\/%20%20&Prime; button_text=\u00a0\u00bbPassionn\u00e9\u2027e par la sant\u00e9 digestive ? Ceci pourrait vous plaire !\u00a0\u00bb button_alignment=\u00a0\u00bbcenter\u00a0\u00bb _builder_version=\u00a0\u00bb4.27.0&Prime; _module_preset=\u00a0\u00bbdefault\u00a0\u00bb custom_button=\u00a0\u00bbon\u00a0\u00bb button_text_color=\u00a0\u00bb#BDE2D3&Prime; button_bg_color=\u00a0\u00bb#8247E3&Prime; box_shadow_style=\u00a0\u00bbpreset2&Prime; global_colors_info=\u00a0\u00bb{}\u00a0\u00bb][\/et_pb_button][\/et_pb_column][\/et_pb_row][\/et_pb_section]<\/p>\n","protected":false},"excerpt":{"rendered":"<p>Snacks<\/p>\n<p>Pr\u00e9paration : 15 minutes<br \/>\nCuisson : 15 minutes<br \/>\nRendement : 10 galettes<\/p>","protected":false},"author":3,"featured_media":4407881,"comment_status":"closed","ping_status":"closed","sticky":false,"template":"","format":"standard","meta":{"_et_pb_use_builder":"on","_et_pb_old_content":"<!-- wp:paragraph -->\n<p><strong>Ingr\u00e9dients<\/strong><\/p>\n<!-- \/wp:paragraph -->\n\n<!-- wp:paragraph -->\n<p>125 ml (1\/2 t.) de pur\u00e9e de datte*<\/p>\n<!-- \/wp:paragraph -->\n\n<!-- wp:paragraph -->\n<p>125 ml (1\/2 t.) de m\u00e9lasse<\/p>\n<!-- \/wp:paragraph -->\n\n<!-- wp:paragraph -->\n<p>60 ml (1\/4 de t.) de lait ou de boisson v\u00e9g\u00e9tale, au choix<\/p>\n<!-- \/wp:paragraph -->\n\n<!-- wp:paragraph -->\n<p>1 oeuf<\/p>\n<!-- \/wp:paragraph -->\n\n<!-- wp:paragraph -->\n<p>190 ml (\u00be de t.) de farine de bl\u00e9 int\u00e9grale<\/p>\n<!-- \/wp:paragraph -->\n\n<!-- wp:paragraph -->\n<p>190 ml (\u00be de t.) de farine de sarrasin<\/p>\n<!-- \/wp:paragraph -->\n\n<!-- wp:paragraph -->\n<p>15 ml (1 c. \u00e0 s.) de poudre \u00e0 p\u00e2te<\/p>\n<!-- \/wp:paragraph -->\n\n<!-- wp:paragraph -->\n<p>15 g (2 c. \u00e0 s.) de graines de lin, moulues<\/p>\n<!-- \/wp:paragraph -->\n\n<!-- wp:paragraph -->\n<p>5 ml (1 c. \u00e0 th\u00e9) de cannelle moulue<\/p>\n<!-- \/wp:paragraph -->\n\n<!-- wp:paragraph -->\n<p>1,25 ml (1\/4 de c. \u00e0 th\u00e9) de gingembre, moulu<\/p>\n<!-- \/wp:paragraph -->\n\n<!-- wp:paragraph -->\n<p>1,25 ml (1\/4 de c. \u00e0 th\u00e9) de noix de muscade, moulue<\/p>\n<!-- \/wp:paragraph -->\n\n<!-- wp:paragraph -->\n<p>1,25 ml (1\/4 de c. \u00e0 th\u00e9) de clou de girofle, moulu<\/p>\n<!-- \/wp:paragraph -->\n\n<!-- wp:paragraph -->\n<p>1,25 ml (1\/4 de c. \u00e0 th\u00e9) de cardamome, moulue<\/p>\n<!-- \/wp:paragraph -->\n\n<!-- wp:paragraph -->\n<p><strong>Pr\u00e9paration<\/strong><\/p>\n<!-- \/wp:paragraph -->\n\n<!-- wp:paragraph -->\n<p>1. Pr\u00e9chauffer le four \u00e0 350 \u00b0F.<\/p>\n<!-- \/wp:paragraph -->\n\n<!-- wp:paragraph -->\n<p>2. M\u00e9langer la pur\u00e9e de datte, la m\u00e9lasse, l'\u0153uf et le lait.<\/p>\n<!-- \/wp:paragraph -->\n\n<!-- wp:paragraph -->\n<p>3. Dans un autre bol, m\u00e9langer les farines, les graines de lin, la poudre \u00e0 p\u00e2te et les \u00e9pices.<\/p>\n<!-- \/wp:paragraph -->\n\n<!-- wp:paragraph -->\n<p>4. Int\u00e9grer les ingr\u00e9dients secs dans le m\u00e9lange humide et brasser avec une cuill\u00e8re en bois.<\/p>\n<!-- \/wp:paragraph -->\n\n<!-- wp:paragraph -->\n<p>5. Fa\u00e7onner les galettes avec une mesure de 60 ml (\u00bc de t.) et les d\u00e9poser sur le papier parchemin Cookina pr\u00e9alablement pos\u00e9 sur une plaque \u00e0 cuisson.<\/p>\n<!-- \/wp:paragraph -->\n\n<!-- wp:paragraph -->\n<p>6. Faire cuire au four pendant 15 minutes.<\/p>\n<!-- \/wp:paragraph -->\n\n<!-- wp:paragraph -->\n<p>7. Laisser reposer quelques minutes et d\u00e9guster.<\/p>\n<!-- \/wp:paragraph -->\n\n<!-- wp:paragraph -->\n<p>* Pur\u00e9e de datte faite maison<\/p>\n<!-- \/wp:paragraph -->\n\n<!-- wp:paragraph -->\n<p>Mettre 500 g de dattes s\u00e9ch\u00e9es et d\u00e9noyaut\u00e9es ainsi que 410 ml d\u2019eau dans un contenant allant au four micro-ondes. Cuire pendant 4 minutes. R\u00e9duire le tout en pur\u00e9e lisse au m\u00e9langeur \u00e0 main. Et voil\u00e0!&nbsp;<\/p>\n<!-- \/wp:paragraph -->\n\n<!-- wp:paragraph -->\n<p>Elle se conserve de 2 \u00e0 3 semaines au r\u00e9frig\u00e9rateur et jusqu\u2019\u00e0 3 mois au cong\u00e9lateur dans un contenant herm\u00e9tique.<\/p>\n<!-- \/wp:paragraph -->\n\n<!-- wp:paragraph -->\n<p><\/p>\n<!-- \/wp:paragraph -->","_et_gb_content_width":"","wprm-recipe-roundup-name":"","wprm-recipe-roundup-description":"","footnotes":""},"categories":[29,31,28],"tags":[],"class_list":["post-661","post","type-post","status-publish","format-standard","has-post-thumbnail","hentry","category-collations","category-dessert","category-recette-vegetarienne"],"aioseo_notices":[],"_links":{"self":[{"href":"https:\/\/epithelia.ca\/en\/wp-json\/wp\/v2\/posts\/661","targetHints":{"allow":["GET"]}}],"collection":[{"href":"https:\/\/epithelia.ca\/en\/wp-json\/wp\/v2\/posts"}],"about":[{"href":"https:\/\/epithelia.ca\/en\/wp-json\/wp\/v2\/types\/post"}],"author":[{"embeddable":true,"href":"https:\/\/epithelia.ca\/en\/wp-json\/wp\/v2\/users\/3"}],"replies":[{"embeddable":true,"href":"https:\/\/epithelia.ca\/en\/wp-json\/wp\/v2\/comments?post=661"}],"version-history":[{"count":3,"href":"https:\/\/epithelia.ca\/en\/wp-json\/wp\/v2\/posts\/661\/revisions"}],"predecessor-version":[{"id":4410544,"href":"https:\/\/epithelia.ca\/en\/wp-json\/wp\/v2\/posts\/661\/revisions\/4410544"}],"wp:featuredmedia":[{"embeddable":true,"href":"https:\/\/epithelia.ca\/en\/wp-json\/wp\/v2\/media\/4407881"}],"wp:attachment":[{"href":"https:\/\/epithelia.ca\/en\/wp-json\/wp\/v2\/media?parent=661"}],"wp:term":[{"taxonomy":"category","embeddable":true,"href":"https:\/\/epithelia.ca\/en\/wp-json\/wp\/v2\/categories?post=661"},{"taxonomy":"post_tag","embeddable":true,"href":"https:\/\/epithelia.ca\/en\/wp-json\/wp\/v2\/tags?post=661"}],"curies":[{"name":"wp","href":"https:\/\/api.w.org\/{rel}","templated":true}]}}