{"id":785,"date":"2021-09-16T17:24:43","date_gmt":"2021-09-16T21:24:43","guid":{"rendered":"http:\/\/localhost\/a-martin\/2021\/11\/09\/chai-latte-a-la-citrouille\/"},"modified":"2025-04-24T15:10:39","modified_gmt":"2025-04-24T19:10:39","slug":"pumpkin-spice-latte-2","status":"publish","type":"post","link":"https:\/\/epithelia.ca\/en\/recette-vegetalienne\/chai-latte-a-la-citrouille\/","title":{"rendered":"<span style=\"color:#b57edc;margin-right:6px;\">\ud83d\udd12<\/span>Pumpkin chai latte"},"content":{"rendered":"","protected":false},"excerpt":{"rendered":"","protected":false},"author":39,"featured_media":786,"comment_status":"closed","ping_status":"closed","sticky":false,"template":"","format":"standard","meta":{"_et_pb_use_builder":"on","_et_pb_old_content":"<strong>Ingr\u00e9dients&nbsp;&nbsp;<\/strong>\n\n<strong>&nbsp;<\/strong>\n\n500 ml (2 t.) de boisson d\u2019avoine\n\n60 ml (\u00bc de t.) de pur\u00e9e de citrouille&nbsp;*\n\n30 ml (2 c. \u00e0 s.) de sucre de dattes\n\n5 ml (1 c. \u00e0 t.) d\u2019extrait de vanille\n\n10 ml (2 c. \u00e0 th\u00e9) d\u2019\u00e9pices pour tarte \u00e0 la citrouille\n\n250 ml (1 t.) de caf\u00e9 infus\u00e9\n\n<strong>Pr\u00e9paration&nbsp;<\/strong>\n\n<strong>&nbsp;<\/strong>\n<ol>\n \t<li>Dans un chaudron, r\u00e9chauffer le lait, la pur\u00e9e de citrouille et le sucre de dattes pendant quelques minutes \u00e0 feu doux et en remuant, jusqu'\u00e0 ce que la citrouille soit dissoute&nbsp;;<\/li>\n \t<li>Enlever du feu et ajouter la vanille et les \u00e9pices&nbsp;;<\/li>\n \t<li>Verser le m\u00e9lange de lait \u00e0 la citrouille et le caf\u00e9 dans 2 tasses&nbsp;;<\/li>\n \t<li>Garnir d\u2019\u00e9pices et d\u00e9guster&nbsp;!<\/li>\n<\/ol>\n<strong>* Pur\u00e9e de citrouille<\/strong>\n\nVoici une recette de pur\u00e9e de citrouille cuite au four inspir\u00e9e de Marie-\u00c8ve Caplette et qui prend 30 \u00e0 45 minutes :\n<ol>\n \t<li>Pr\u00e9chauffer le four \u00e0 375\u00b0F (190\u00b0C).<\/li>\n \t<li>Couper la citrouille en deux. Enlever les graines (on peut les rincer et les cuire au four avec un peu d'huile et des \u00e9pices au choix).<\/li>\n \t<li>Placer la courge au four, face coup\u00e9e vers le bas, et cuire pendant 30 \u00e0 45 minutes selon la grosseur. Laisser ti\u00e9dir avant de commencer \u00e0 enlever la chair.<\/li>\n \t<li>Gratter la chair avec une cuill\u00e8re. Puis, placer la courge dans un robot culinaire ou un m\u00e9langeur pour en faire une pur\u00e9e bien lisse.<\/li>\n<\/ol>\nSinon, pour plus de rapidit\u00e9, il existe de la pur\u00e9e de citrouille en conserve \u00e0 l'\u00e9picerie. S'assurer que le seul ingr\u00e9dient est de la citrouille.","_et_gb_content_width":"856","wprm-recipe-roundup-name":"","wprm-recipe-roundup-description":"","footnotes":""},"categories":[36,35,1819],"tags":[],"class_list":["post-785","post","type-post","status-publish","format-standard","post-password-required","hentry","category-breuvage","category-recette-vegetalienne","category-recettes-privees","rcp-is-restricted","rcp-no-access"],"aioseo_notices":[],"aioseo_head":"\n\t\t<!-- All in One SEO 5.0.1.1 - aioseo.com -->\n\t<meta name=\"description\" content=\"Rendement : 2 portions Pr\u00e9paration : 5 minutes excluant la pr\u00e9paration de la pur\u00e9e de citrouille Cuisson : 5 minutes\" \/>\n\t<meta name=\"robots\" content=\"max-image-preview:large\" \/>\n\t<meta name=\"author\" content=\"seldemer\"\/>\n\t<meta name=\"google-site-verification\" content=\"XOfmnsTiCa_OkTFHEAaCkXMlT1cHYMRgUIgICNM4g_Q\" \/>\n\t<link rel=\"canonical\" href=\"https:\/\/epithelia.ca\/en\/recette-vegetalienne\/chai-latte-a-la-citrouille\/\" \/>\n\t<meta name=\"generator\" content=\"All in One SEO (AIOSEO) 5.0.1.1\" \/>\n\t\t<meta property=\"og:locale\" content=\"en_US\" \/>\n\t\t<meta property=\"og:site_name\" content=\"Clinique \u00c9pith\u00e9lia - \u00c9quipe de nutritionnistes experts en sant\u00e9 du microbiote\" \/>\n\t\t<meta property=\"og:type\" content=\"article\" \/>\n\t\t<meta property=\"og:title\" content=\"\ud83d\udd12Cha\u00ef latte \u00e0 la citrouille - Clinique \u00c9pith\u00e9lia\" \/>\n\t\t<meta property=\"og:description\" content=\"Rendement : 2 portions Pr\u00e9paration : 5 minutes excluant la pr\u00e9paration de la pur\u00e9e de citrouille Cuisson : 5 minutes\" \/>\n\t\t<meta property=\"og:url\" content=\"https:\/\/epithelia.ca\/en\/recette-vegetalienne\/chai-latte-a-la-citrouille\/\" \/>\n\t\t<meta property=\"og:image\" content=\"https:\/\/epithelia.ca\/wp-content\/uploads\/2021\/11\/Chai-latte-e1633540973382.jpg\" \/>\n\t\t<meta property=\"og:image:secure_url\" content=\"https:\/\/epithelia.ca\/wp-content\/uploads\/2021\/11\/Chai-latte-e1633540973382.jpg\" \/>\n\t\t<meta property=\"og:image:width\" content=\"1200\" \/>\n\t\t<meta property=\"og:image:height\" content=\"801\" \/>\n\t\t<meta property=\"article:published_time\" content=\"2021-09-16T21:24:43+00:00\" \/>\n\t\t<meta property=\"article:modified_time\" content=\"2025-04-24T19:10:39+00:00\" \/>\n\t\t<meta property=\"article:publisher\" content=\"https:\/\/www.facebook.com\/profile.php?id=61560378100335&amp;mibextid=LQQJ4d\" \/>\n\t\t<meta name=\"twitter:card\" content=\"summary_large_image\" \/>\n\t\t<meta name=\"twitter:title\" content=\"\ud83d\udd12Cha\u00ef latte \u00e0 la citrouille - Clinique \u00c9pith\u00e9lia\" \/>\n\t\t<meta name=\"twitter:description\" content=\"Rendement : 2 portions Pr\u00e9paration : 5 minutes excluant la pr\u00e9paration de la pur\u00e9e de citrouille Cuisson : 5 minutes\" \/>\n\t\t<meta name=\"twitter:image\" content=\"https:\/\/epithelia.ca\/wp-content\/uploads\/2024\/04\/Epithelia-clinique-sante-digestive.jpg\" \/>\n\t\t<script type=\"application\/ld+json\" class=\"aioseo-schema\">\n\t\t\t{\"@context\":\"https:\\\/\\\/schema.org\",\"@graph\":[{\"@type\":\"BlogPosting\",\"@id\":\"https:\\\/\\\/epithelia.ca\\\/en\\\/recette-vegetalienne\\\/chai-latte-a-la-citrouille\\\/#blogposting\",\"name\":\"\\ud83d\\udd12Cha\\u00ef latte \\u00e0 la citrouille - Clinique \\u00c9pith\\u00e9lia\",\"headline\":\"\\ud83d\\udd12Cha\\u00ef latte \\u00e0 la citrouille\",\"author\":{\"@id\":\"https:\\\/\\\/epithelia.ca\\\/en\\\/author\\\/seldemer\\\/#author\"},\"publisher\":{\"@id\":\"https:\\\/\\\/epithelia.ca\\\/en\\\/#organization\"},\"image\":{\"@type\":\"ImageObject\",\"url\":\"https:\\\/\\\/epithelia.ca\\\/wp-content\\\/uploads\\\/2021\\\/11\\\/Chai-latte-e1633540973382.jpg\",\"width\":1200,\"height\":801},\"datePublished\":\"2021-09-16T17:24:43-04:00\",\"dateModified\":\"2025-04-24T15:10:39-04:00\",\"inLanguage\":\"en-US\",\"mainEntityOfPage\":{\"@id\":\"https:\\\/\\\/epithelia.ca\\\/en\\\/recette-vegetalienne\\\/chai-latte-a-la-citrouille\\\/#webpage\"},\"isPartOf\":{\"@id\":\"https:\\\/\\\/epithelia.ca\\\/en\\\/recette-vegetalienne\\\/chai-latte-a-la-citrouille\\\/#webpage\"},\"articleSection\":\"Breuvage, Recette v\\u00e9g\\u00e9talienne, Recettes priv\\u00e9es\"},{\"@type\":\"BreadcrumbList\",\"@id\":\"https:\\\/\\\/epithelia.ca\\\/en\\\/recette-vegetalienne\\\/chai-latte-a-la-citrouille\\\/#breadcrumblist\",\"itemListElement\":[{\"@type\":\"ListItem\",\"@id\":\"https:\\\/\\\/epithelia.ca\\\/en#listItem\",\"position\":1,\"name\":\"Domicile\",\"item\":\"https:\\\/\\\/epithelia.ca\\\/en\",\"nextItem\":{\"@type\":\"ListItem\",\"@id\":\"https:\\\/\\\/epithelia.ca\\\/en\\\/category\\\/recette-vegetalienne\\\/#listItem\",\"name\":\"Recette v\\u00e9g\\u00e9talienne\"}},{\"@type\":\"ListItem\",\"@id\":\"https:\\\/\\\/epithelia.ca\\\/en\\\/category\\\/recette-vegetalienne\\\/#listItem\",\"position\":2,\"name\":\"Recette v\\u00e9g\\u00e9talienne\",\"item\":\"https:\\\/\\\/epithelia.ca\\\/en\\\/category\\\/recette-vegetalienne\\\/\",\"nextItem\":{\"@type\":\"ListItem\",\"@id\":\"https:\\\/\\\/epithelia.ca\\\/en\\\/recette-vegetalienne\\\/chai-latte-a-la-citrouille\\\/#listItem\",\"name\":\"\\ud83d\\udd12Cha\\u00ef latte \\u00e0 la citrouille\"},\"previousItem\":{\"@type\":\"ListItem\",\"@id\":\"https:\\\/\\\/epithelia.ca\\\/en#listItem\",\"name\":\"Domicile\"}},{\"@type\":\"ListItem\",\"@id\":\"https:\\\/\\\/epithelia.ca\\\/en\\\/recette-vegetalienne\\\/chai-latte-a-la-citrouille\\\/#listItem\",\"position\":3,\"name\":\"\\ud83d\\udd12Cha\\u00ef latte \\u00e0 la citrouille\",\"previousItem\":{\"@type\":\"ListItem\",\"@id\":\"https:\\\/\\\/epithelia.ca\\\/en\\\/category\\\/recette-vegetalienne\\\/#listItem\",\"name\":\"Recette v\\u00e9g\\u00e9talienne\"}}]},{\"@type\":\"Organization\",\"@id\":\"https:\\\/\\\/epithelia.ca\\\/en\\\/#organization\",\"name\":\"Clinique \\u00c9pith\\u00e9lia\",\"description\":\"\\u00c9quipe de nutritionnistes experts en sant\\u00e9 du microbiote\",\"url\":\"https:\\\/\\\/epithelia.ca\\\/en\\\/\",\"telephone\":\"+15819970681\",\"logo\":{\"@type\":\"ImageObject\",\"url\":\"https:\\\/\\\/epithelia.ca\\\/wp-content\\\/uploads\\\/2024\\\/04\\\/cropped-EPITHELIA_Logo_VioletRGB.png\",\"@id\":\"https:\\\/\\\/epithelia.ca\\\/en\\\/recette-vegetalienne\\\/chai-latte-a-la-citrouille\\\/#organizationLogo\",\"width\":512,\"height\":512},\"image\":{\"@id\":\"https:\\\/\\\/epithelia.ca\\\/en\\\/recette-vegetalienne\\\/chai-latte-a-la-citrouille\\\/#organizationLogo\"},\"sameAs\":[\"https:\\\/\\\/www.instagram.com\\\/epithelia.ca?igsh=MXVsZnA2OWZ3bmE2eA&utm_source=qr\"]},{\"@type\":\"Person\",\"@id\":\"https:\\\/\\\/epithelia.ca\\\/en\\\/author\\\/seldemer\\\/#author\",\"url\":\"https:\\\/\\\/epithelia.ca\\\/en\\\/author\\\/seldemer\\\/\",\"name\":\"seldemer\",\"image\":{\"@type\":\"ImageObject\",\"@id\":\"https:\\\/\\\/epithelia.ca\\\/en\\\/recette-vegetalienne\\\/chai-latte-a-la-citrouille\\\/#authorImage\",\"url\":\"https:\\\/\\\/secure.gravatar.com\\\/avatar\\\/1e9b652f97b9a981543b53088d8268d7f39c88c2b5701d80f8b12ccf47b7afa5?s=96&d=mm&r=g\",\"width\":96,\"height\":96,\"caption\":\"seldemer\"}},{\"@type\":\"WebPage\",\"@id\":\"https:\\\/\\\/epithelia.ca\\\/en\\\/recette-vegetalienne\\\/chai-latte-a-la-citrouille\\\/#webpage\",\"url\":\"https:\\\/\\\/epithelia.ca\\\/en\\\/recette-vegetalienne\\\/chai-latte-a-la-citrouille\\\/\",\"name\":\"\\ud83d\\udd12Cha\\u00ef latte \\u00e0 la citrouille - Clinique \\u00c9pith\\u00e9lia\",\"description\":\"Rendement : 2 portions Pr\\u00e9paration : 5 minutes excluant la pr\\u00e9paration de la pur\\u00e9e de citrouille Cuisson : 5 minutes\",\"inLanguage\":\"en-US\",\"isPartOf\":{\"@id\":\"https:\\\/\\\/epithelia.ca\\\/en\\\/#website\"},\"breadcrumb\":{\"@id\":\"https:\\\/\\\/epithelia.ca\\\/en\\\/recette-vegetalienne\\\/chai-latte-a-la-citrouille\\\/#breadcrumblist\"},\"author\":{\"@id\":\"https:\\\/\\\/epithelia.ca\\\/en\\\/author\\\/seldemer\\\/#author\"},\"creator\":{\"@id\":\"https:\\\/\\\/epithelia.ca\\\/en\\\/author\\\/seldemer\\\/#author\"},\"image\":{\"@type\":\"ImageObject\",\"url\":\"https:\\\/\\\/epithelia.ca\\\/wp-content\\\/uploads\\\/2021\\\/11\\\/Chai-latte-e1633540973382.jpg\",\"@id\":\"https:\\\/\\\/epithelia.ca\\\/en\\\/recette-vegetalienne\\\/chai-latte-a-la-citrouille\\\/#mainImage\",\"width\":1200,\"height\":801},\"primaryImageOfPage\":{\"@id\":\"https:\\\/\\\/epithelia.ca\\\/en\\\/recette-vegetalienne\\\/chai-latte-a-la-citrouille\\\/#mainImage\"},\"datePublished\":\"2021-09-16T17:24:43-04:00\",\"dateModified\":\"2025-04-24T15:10:39-04:00\"},{\"@type\":\"WebSite\",\"@id\":\"https:\\\/\\\/epithelia.ca\\\/en\\\/#website\",\"url\":\"https:\\\/\\\/epithelia.ca\\\/en\\\/\",\"name\":\"Clinique \\u00c9pith\\u00e9lia\",\"alternateName\":\"Clinique de sant\\u00e9 digestive\",\"description\":\"\\u00c9quipe de nutritionnistes experts en sant\\u00e9 du microbiote\",\"inLanguage\":\"en-US\",\"publisher\":{\"@id\":\"https:\\\/\\\/epithelia.ca\\\/en\\\/#organization\"}}]}\n\t\t<\/script>\n\t\t<!-- All in One SEO -->\n\n","aioseo_head_json":{"title":"Pumpkin Chai Latte - \u00c9pith\u00e9lia Clinic","description":"Yield: 2 servings Prep: 5 minutes (excluding pumpkin puree prep) Cook: 5 minutes","canonical_url":"https:\/\/epithelia.ca\/en\/recette-vegetalienne\/chai-latte-a-la-citrouille\/","robots":"max-image-preview:large","keywords":"","webmasterTools":{"google-site-verification":"XOfmnsTiCa_OkTFHEAaCkXMlT1cHYMRgUIgICNM4g_Q","miscellaneous":""},"schema":{"@context":"https:\/\/schema.org","@graph":[{"@type":"BlogPosting","@id":"https:\/\/epithelia.ca\/en\/recette-vegetalienne\/chai-latte-a-la-citrouille\/#blogposting","name":"\ud83d\udd12Cha\u00ef latte \u00e0 la citrouille - Clinique \u00c9pith\u00e9lia","headline":"\ud83d\udd12Cha\u00ef latte \u00e0 la citrouille","author":{"@id":"https:\/\/epithelia.ca\/en\/author\/seldemer\/#author"},"publisher":{"@id":"https:\/\/epithelia.ca\/en\/#organization"},"image":{"@type":"ImageObject","url":"https:\/\/epithelia.ca\/wp-content\/uploads\/2021\/11\/Chai-latte-e1633540973382.jpg","width":1200,"height":801},"datePublished":"2021-09-16T17:24:43-04:00","dateModified":"2025-04-24T15:10:39-04:00","inLanguage":"en-US","mainEntityOfPage":{"@id":"https:\/\/epithelia.ca\/en\/recette-vegetalienne\/chai-latte-a-la-citrouille\/#webpage"},"isPartOf":{"@id":"https:\/\/epithelia.ca\/en\/recette-vegetalienne\/chai-latte-a-la-citrouille\/#webpage"},"articleSection":"Breuvage, Recette v\u00e9g\u00e9talienne, Recettes priv\u00e9es"},{"@type":"BreadcrumbList","@id":"https:\/\/epithelia.ca\/en\/recette-vegetalienne\/chai-latte-a-la-citrouille\/#breadcrumblist","itemListElement":[{"@type":"ListItem","@id":"https:\/\/epithelia.ca\/en#listItem","position":1,"name":"Domicile","item":"https:\/\/epithelia.ca\/en","nextItem":{"@type":"ListItem","@id":"https:\/\/epithelia.ca\/en\/category\/recette-vegetalienne\/#listItem","name":"Recette v\u00e9g\u00e9talienne"}},{"@type":"ListItem","@id":"https:\/\/epithelia.ca\/en\/category\/recette-vegetalienne\/#listItem","position":2,"name":"Recette v\u00e9g\u00e9talienne","item":"https:\/\/epithelia.ca\/en\/category\/recette-vegetalienne\/","nextItem":{"@type":"ListItem","@id":"https:\/\/epithelia.ca\/en\/recette-vegetalienne\/chai-latte-a-la-citrouille\/#listItem","name":"\ud83d\udd12Cha\u00ef latte \u00e0 la citrouille"},"previousItem":{"@type":"ListItem","@id":"https:\/\/epithelia.ca\/en#listItem","name":"Domicile"}},{"@type":"ListItem","@id":"https:\/\/epithelia.ca\/en\/recette-vegetalienne\/chai-latte-a-la-citrouille\/#listItem","position":3,"name":"\ud83d\udd12Cha\u00ef latte \u00e0 la citrouille","previousItem":{"@type":"ListItem","@id":"https:\/\/epithelia.ca\/en\/category\/recette-vegetalienne\/#listItem","name":"Recette v\u00e9g\u00e9talienne"}}]},{"@type":"Organization","@id":"https:\/\/epithelia.ca\/en\/#organization","name":"Clinique \u00c9pith\u00e9lia","description":"\u00c9quipe de nutritionnistes experts en sant\u00e9 du microbiote","url":"https:\/\/epithelia.ca\/en\/","telephone":"+15819970681","logo":{"@type":"ImageObject","url":"https:\/\/epithelia.ca\/wp-content\/uploads\/2024\/04\/cropped-EPITHELIA_Logo_VioletRGB.png","@id":"https:\/\/epithelia.ca\/en\/recette-vegetalienne\/chai-latte-a-la-citrouille\/#organizationLogo","width":512,"height":512},"image":{"@id":"https:\/\/epithelia.ca\/en\/recette-vegetalienne\/chai-latte-a-la-citrouille\/#organizationLogo"},"sameAs":["https:\/\/www.instagram.com\/epithelia.ca?igsh=MXVsZnA2OWZ3bmE2eA&utm_source=qr"]},{"@type":"Person","@id":"https:\/\/epithelia.ca\/en\/author\/seldemer\/#author","url":"https:\/\/epithelia.ca\/en\/author\/seldemer\/","name":"seldemer","image":{"@type":"ImageObject","@id":"https:\/\/epithelia.ca\/en\/recette-vegetalienne\/chai-latte-a-la-citrouille\/#authorImage","url":"https:\/\/secure.gravatar.com\/avatar\/1e9b652f97b9a981543b53088d8268d7f39c88c2b5701d80f8b12ccf47b7afa5?s=96&d=mm&r=g","width":96,"height":96,"caption":"seldemer"}},{"@type":"WebPage","@id":"https:\/\/epithelia.ca\/en\/recette-vegetalienne\/chai-latte-a-la-citrouille\/#webpage","url":"https:\/\/epithelia.ca\/en\/recette-vegetalienne\/chai-latte-a-la-citrouille\/","name":"\ud83d\udd12Cha\u00ef latte \u00e0 la citrouille - Clinique \u00c9pith\u00e9lia","description":"Rendement : 2 portions Pr\u00e9paration : 5 minutes excluant la pr\u00e9paration de la pur\u00e9e de citrouille Cuisson : 5 minutes","inLanguage":"en-US","isPartOf":{"@id":"https:\/\/epithelia.ca\/en\/#website"},"breadcrumb":{"@id":"https:\/\/epithelia.ca\/en\/recette-vegetalienne\/chai-latte-a-la-citrouille\/#breadcrumblist"},"author":{"@id":"https:\/\/epithelia.ca\/en\/author\/seldemer\/#author"},"creator":{"@id":"https:\/\/epithelia.ca\/en\/author\/seldemer\/#author"},"image":{"@type":"ImageObject","url":"https:\/\/epithelia.ca\/wp-content\/uploads\/2021\/11\/Chai-latte-e1633540973382.jpg","@id":"https:\/\/epithelia.ca\/en\/recette-vegetalienne\/chai-latte-a-la-citrouille\/#mainImage","width":1200,"height":801},"primaryImageOfPage":{"@id":"https:\/\/epithelia.ca\/en\/recette-vegetalienne\/chai-latte-a-la-citrouille\/#mainImage"},"datePublished":"2021-09-16T17:24:43-04:00","dateModified":"2025-04-24T15:10:39-04:00"},{"@type":"WebSite","@id":"https:\/\/epithelia.ca\/en\/#website","url":"https:\/\/epithelia.ca\/en\/","name":"Clinique \u00c9pith\u00e9lia","alternateName":"Clinique de sant\u00e9 digestive","description":"\u00c9quipe de nutritionnistes experts en sant\u00e9 du microbiote","inLanguage":"en-US","publisher":{"@id":"https:\/\/epithelia.ca\/en\/#organization"}}]},"og:locale":"en_US","og:site_name":"Clinique \u00c9pith\u00e9lia - \u00c9quipe de nutritionnistes experts en sant\u00e9 du microbiote","og:type":"article","og:title":"\ud83d\udd12Cha\u00ef latte \u00e0 la citrouille - Clinique \u00c9pith\u00e9lia","og:description":"Rendement : 2 portions Pr\u00e9paration : 5 minutes excluant la pr\u00e9paration de la pur\u00e9e de citrouille Cuisson : 5 minutes","og:url":"https:\/\/epithelia.ca\/en\/recette-vegetalienne\/chai-latte-a-la-citrouille\/","og:image":"https:\/\/epithelia.ca\/wp-content\/uploads\/2021\/11\/Chai-latte-e1633540973382.jpg","og:image:secure_url":"https:\/\/epithelia.ca\/wp-content\/uploads\/2021\/11\/Chai-latte-e1633540973382.jpg","og:image:width":1200,"og:image:height":801,"article:published_time":"2021-09-16T21:24:43+00:00","article:modified_time":"2025-04-24T19:10:39+00:00","article:publisher":"https:\/\/www.facebook.com\/profile.php?id=61560378100335&mibextid=LQQJ4d","twitter:card":"summary_large_image","twitter:title":"\ud83d\udd12Cha\u00ef latte \u00e0 la citrouille - Clinique \u00c9pith\u00e9lia","twitter:description":"Rendement : 2 portions Pr\u00e9paration : 5 minutes excluant la pr\u00e9paration de la pur\u00e9e de citrouille Cuisson : 5 minutes","twitter:image":"https:\/\/epithelia.ca\/wp-content\/uploads\/2024\/04\/Epithelia-clinique-sante-digestive.jpg"},"aioseo_meta_data":{"post_id":"785","title":null,"description":null,"keywords":null,"keyphrases":{"focus":{"keyphrase":"","score":0,"analysis":{"keyphraseInTitle":{"score":0,"maxScore":9,"error":1}}},"additional":[]},"primary_term":null,"canonical_url":null,"og_title":null,"og_description":null,"og_object_type":"default","og_image_type":"default","og_image_url":null,"og_image_width":null,"og_image_height":null,"og_image_custom_url":null,"og_image_custom_fields":null,"og_video":"","og_custom_url":null,"og_article_section":null,"og_article_tags":null,"twitter_use_og":false,"twitter_card":"default","twitter_image_type":"default","twitter_image_url":null,"twitter_image_custom_url":null,"twitter_image_custom_fields":null,"twitter_title":null,"twitter_description":null,"schema":{"blockGraphs":[],"customGraphs":[],"default":{"data":{"Article":[],"Course":[],"Dataset":[],"FAQPage":[],"Movie":[],"Person":[],"Product":[],"ProductReview":[],"Car":[],"Recipe":[],"Service":[],"SoftwareApplication":[],"WebPage":[]},"graphName":"BlogPosting","isEnabled":true},"graphs":[]},"schema_type":"default","schema_type_options":null,"pillar_content":false,"robots_default":true,"robots_noindex":false,"robots_noarchive":false,"robots_nosnippet":false,"robots_nofollow":false,"robots_noimageindex":false,"robots_noodp":false,"robots_notranslate":false,"robots_max_snippet":"-1","robots_max_videopreview":"-1","robots_max_imagepreview":"large","priority":null,"frequency":"default","local_seo":null,"breadcrumb_settings":null,"limit_modified_date":false,"ai":null,"created":"2024-04-16 19:54:52","updated":"2025-06-04 13:11:05","focus_keyword":null,"additional_keywords":null,"truseo_locale":null,"seo_analyzer_scan_date":null},"aioseo_breadcrumb":"<div class=\"aioseo-breadcrumbs\"><span class=\"aioseo-breadcrumb\">\n\t\t\t<a href=\"https:\/\/epithelia.ca\/en\" title=\"Domicile\">Domicile<\/a>\n\t\t<\/span><span class=\"aioseo-breadcrumb-separator\">&raquo;<\/span><span class=\"aioseo-breadcrumb\">\n\t\t\t<a href=\"https:\/\/epithelia.ca\/en\/category\/recette-vegetalienne\/\" title=\"Recette v\u00e9g\u00e9talienne\">Recette v\u00e9g\u00e9talienne<\/a>\n\t\t<\/span><span class=\"aioseo-breadcrumb-separator\">&raquo;<\/span><span class=\"aioseo-breadcrumb\">\n\t\t\t\ud83d\udd12<\/span>Cha\u00ef latte \u00e0 la citrouille\"&gt;<span style=\"color:#b57edc;margin-right:6px\">\ud83d\udd12<\/span>Cha\u00ef latte \u00e0 la citrouille\n\t\t<\/span><\/div>","aioseo_breadcrumb_json":[{"label":"Domicile","link":"https:\/\/epithelia.ca\/en"},{"label":"Recette v\u00e9g\u00e9talienne","link":"https:\/\/epithelia.ca\/en\/category\/recette-vegetalienne\/"},{"label":"<span style=\"color:#b57edc;margin-right:6px;\">\ud83d\udd12<\/span>Cha\u00ef latte \u00e0 la citrouille","link":"https:\/\/epithelia.ca\/en\/recette-vegetalienne\/chai-latte-a-la-citrouille\/"}],"_links":{"self":[{"href":"https:\/\/epithelia.ca\/en\/wp-json\/wp\/v2\/posts\/785","targetHints":{"allow":["GET"]}}],"collection":[{"href":"https:\/\/epithelia.ca\/en\/wp-json\/wp\/v2\/posts"}],"about":[{"href":"https:\/\/epithelia.ca\/en\/wp-json\/wp\/v2\/types\/post"}],"author":[{"embeddable":true,"href":"https:\/\/epithelia.ca\/en\/wp-json\/wp\/v2\/users\/39"}],"replies":[{"embeddable":true,"href":"https:\/\/epithelia.ca\/en\/wp-json\/wp\/v2\/comments?post=785"}],"version-history":[{"count":2,"href":"https:\/\/epithelia.ca\/en\/wp-json\/wp\/v2\/posts\/785\/revisions"}],"predecessor-version":[{"id":4411913,"href":"https:\/\/epithelia.ca\/en\/wp-json\/wp\/v2\/posts\/785\/revisions\/4411913"}],"wp:featuredmedia":[{"embeddable":true,"href":"https:\/\/epithelia.ca\/en\/wp-json\/wp\/v2\/media\/786"}],"wp:attachment":[{"href":"https:\/\/epithelia.ca\/en\/wp-json\/wp\/v2\/media?parent=785"}],"wp:term":[{"taxonomy":"category","embeddable":true,"href":"https:\/\/epithelia.ca\/en\/wp-json\/wp\/v2\/categories?post=785"},{"taxonomy":"post_tag","embeddable":true,"href":"https:\/\/epithelia.ca\/en\/wp-json\/wp\/v2\/tags?post=785"}],"curies":[{"name":"wp","href":"https:\/\/api.w.org\/{rel}","templated":true}]}}